{"id":718,"date":"2020-03-25T14:08:46","date_gmt":"2020-03-25T13:08:46","guid":{"rendered":"https:\/\/gruene-weissach.de\/?p=718"},"modified":"2020-03-25T14:08:46","modified_gmt":"2020-03-25T13:08:46","slug":"abgesagt-gruener-treff-am-25-maerz","status":"publish","type":"post","link":"https:\/\/gruene-weissach.de\/?p=718","title":{"rendered":"Abgesagt! Gr\u00fcner Treff am 25. M\u00e4rz"},"content":{"rendered":"<p>Versehentlich wurde im aktuellen Bl\u00e4ttle eine Einladung zum Gr\u00fcnen Treff ver\u00f6ffentlicht.<\/p>\n<p><strong>Aufgrund der aktuellen Lage findet der geplante Gr\u00fcne Treff nat\u00fcrlich nicht statt.<\/strong><\/p>\n","protected":false},"excerpt":{"rendered":"<p>Versehentlich wurde im aktuellen Bl\u00e4ttle eine Einladung zum Gr\u00fcnen Treff [&hellip;]<\/p>\n","protected":false},"author":-1,"featured_media":0,"comment_status":"closed","ping_status":"closed","sticky":false,"template":"","format":"standard","meta":{"footnotes":""},"categories":[2,1],"tags":[],"class_list":["post-718","post","type-post","status-publish","format-standard","hentry","category-aktuell","category-allgemein"],"_links":{"self":[{"href":"https:\/\/gruene-weissach.de\/index.php?rest_route=\/wp\/v2\/posts\/718","targetHints":{"allow":["GET"]}}],"collection":[{"href":"https:\/\/gruene-weissach.de\/index.php?rest_route=\/wp\/v2\/posts"}],"about":[{"href":"https:\/\/gruene-weissach.de\/index.php?rest_route=\/wp\/v2\/types\/post"}],"author":[{"embeddable":true,"href":"https:\/\/gruene-weissach.de\/index.php?rest_route=\/wp\/v2\/users\/1"}],"replies":[{"embeddable":true,"href":"https:\/\/gruene-weissach.de\/index.php?rest_route=%2Fwp%2Fv2%2Fcomments&post=718"}],"version-history":[{"count":1,"href":"https:\/\/gruene-weissach.de\/index.php?rest_route=\/wp\/v2\/posts\/718\/revisions"}],"predecessor-version":[{"id":719,"href":"https:\/\/gruene-weissach.de\/index.php?rest_route=\/wp\/v2\/posts\/718\/revisions\/719"}],"wp:attachment":[{"href":"https:\/\/gruene-weissach.de\/index.php?rest_route=%2Fwp%2Fv2%2Fmedia&parent=718"}],"wp:term":[{"taxonomy":"category","embeddable":true,"href":"https:\/\/gruene-weissach.de\/index.php?rest_route=%2Fwp%2Fv2%2Fcategories&post=718"},{"taxonomy":"post_tag","embeddable":true,"href":"https:\/\/gruene-weissach.de\/index.php?rest_route=%2Fwp%2Fv2%2Ftags&post=718"}],"curies":[{"name":"wp","href":"https:\/\/api.w.org\/{rel}","templated":true}]}}