{"id":725,"date":"2020-04-13T19:23:00","date_gmt":"2020-04-13T17:23:00","guid":{"rendered":"https:\/\/gruene-weissach.de\/?p=725"},"modified":"2020-04-13T19:26:18","modified_gmt":"2020-04-13T17:26:18","slug":"der-erste-digitale-gruene-bundesparteitag","status":"publish","type":"post","link":"https:\/\/gruene-weissach.de\/?p=725","title":{"rendered":"Der erste digitale Gr\u00fcne Bundesparteitag"},"content":{"rendered":"<div>Unser Bundesverband\u00a0<a class=\"profileLink\" href=\"https:\/\/www.gruene.de\/\" target=\"_blank\" rel=\"noopener noreferrer\" data-hovercard=\"\/ajax\/hovercard\/page.php?id=47217143218&amp;extragetparams=%7B%22__tn__%22%3A%22%2CdK-R-R%22%2C%22eid%22%3A%22ARCatZdIHU4asMw_htF4HQpXepb_vqJl0xU_Rd44cMNz1VkLBCFoNOKO7Wy-xcIrTNdgLCbGfj7u_obo%22%2C%22fref%22%3A%22mentions%22%7D\" data-hovercard-prefer-more-content-show=\"1\">B\u00dcNDNIS 90\/DIE GR\u00dcNEN<\/a>\u00a0hat aufgrund der COVID-19-Pandemie umgeschalten und unser Parteileben digitalisiert.<\/div>\n<div>Jetzt wagen wir das n\u00e4chste demokratische Experiment. Der erste digitale gr\u00fcne Bundesparteitag startet am 2. Mai mit hochkar\u00e4tigen G\u00e4sten und Parteitagsreden aus dem Wohnzimmer.\u00a0<span class=\"_5mfr\"><span class=\"_6qdm\">\ud83d\udcf1<\/span><\/span><span class=\"_5mfr\"><span class=\"_6qdm\">\ud83d\udcbb<\/span><\/span>\u00a0<span class=\"_5mfr\"><span class=\"_6qdm\">\ud83d\udc49<\/span><\/span><a href=\"https:\/\/gruenlink.de\/1qe4\" target=\"_blank\" rel=\"noopener noreferrer\">https:\/\/gruenlink.de\/1qe4<\/a><\/div>\n<div>Unsere anderen online Veranstaltungen gibt es hier:\u00a0<a href=\"http:\/\/gruene.de\/umschalten\" target=\"_blank\" rel=\"noopener noreferrer\">gruene.de\/umschalten<\/a><\/div>\n<div><a href=\"https:\/\/gruene-weissach.de\/wp-content\/uploads\/2020\/04\/digitaler-parteitag.jpg\"><img loading=\"lazy\" decoding=\"async\" class=\"alignleft size-medium wp-image-720\" src=\"https:\/\/gruene-weissach.de\/wp-content\/uploads\/2020\/04\/digitaler-parteitag-400x400.jpg\" alt=\"\" width=\"400\" height=\"400\" srcset=\"https:\/\/gruene-weissach.de\/wp-content\/uploads\/2020\/04\/digitaler-parteitag-400x400.jpg 400w, https:\/\/gruene-weissach.de\/wp-content\/uploads\/2020\/04\/digitaler-parteitag-150x150.jpg 150w, https:\/\/gruene-weissach.de\/wp-content\/uploads\/2020\/04\/digitaler-parteitag.jpg 526w\" sizes=\"auto, (max-width: 400px) 100vw, 400px\" \/><\/a><\/div>\n","protected":false},"excerpt":{"rendered":"<p>Unser Bundesverband\u00a0B\u00dcNDNIS 90\/DIE GR\u00dcNEN\u00a0hat aufgrund der COVID-19-Pandemie umgeschalten und unser [&hellip;]<\/p>\n","protected":false},"author":-1,"featured_media":0,"comment_status":"closed","ping_status":"closed","sticky":false,"template":"","format":"standard","meta":{"footnotes":""},"categories":[2,1],"tags":[],"class_list":["post-725","post","type-post","status-publish","format-standard","hentry","category-aktuell","category-allgemein"],"_links":{"self":[{"href":"https:\/\/gruene-weissach.de\/index.php?rest_route=\/wp\/v2\/posts\/725","targetHints":{"allow":["GET"]}}],"collection":[{"href":"https:\/\/gruene-weissach.de\/index.php?rest_route=\/wp\/v2\/posts"}],"about":[{"href":"https:\/\/gruene-weissach.de\/index.php?rest_route=\/wp\/v2\/types\/post"}],"author":[{"embeddable":true,"href":"https:\/\/gruene-weissach.de\/index.php?rest_route=\/wp\/v2\/users\/1"}],"replies":[{"embeddable":true,"href":"https:\/\/gruene-weissach.de\/index.php?rest_route=%2Fwp%2Fv2%2Fcomments&post=725"}],"version-history":[{"count":3,"href":"https:\/\/gruene-weissach.de\/index.php?rest_route=\/wp\/v2\/posts\/725\/revisions"}],"predecessor-version":[{"id":728,"href":"https:\/\/gruene-weissach.de\/index.php?rest_route=\/wp\/v2\/posts\/725\/revisions\/728"}],"wp:attachment":[{"href":"https:\/\/gruene-weissach.de\/index.php?rest_route=%2Fwp%2Fv2%2Fmedia&parent=725"}],"wp:term":[{"taxonomy":"category","embeddable":true,"href":"https:\/\/gruene-weissach.de\/index.php?rest_route=%2Fwp%2Fv2%2Fcategories&post=725"},{"taxonomy":"post_tag","embeddable":true,"href":"https:\/\/gruene-weissach.de\/index.php?rest_route=%2Fwp%2Fv2%2Ftags&post=725"}],"curies":[{"name":"wp","href":"https:\/\/api.w.org\/{rel}","templated":true}]}}