{"id":754,"date":"2020-06-23T22:34:21","date_gmt":"2020-06-23T20:34:21","guid":{"rendered":"https:\/\/gruene-weissach.de\/?p=754"},"modified":"2020-06-23T22:36:05","modified_gmt":"2020-06-23T20:36:05","slug":"gruene-antraege-zur-gemeinderatssitzung-am-22-juni","status":"publish","type":"post","link":"https:\/\/gruene-weissach.de\/?p=754","title":{"rendered":"Gr\u00fcne Antr\u00e4ge zur Gemeinderatssitzung am 22. Juni"},"content":{"rendered":"<h5>1. Gewerbegbiet Neuenb\u00fchl 3 &#8211; Unsere Stellungnahme<\/h5>\n<p>Die Gr\u00fcne Gemeinderatsfraktion lehnt das geplante Gewerbegebiet Neuenb\u00fchl 3 ab.<\/p>\n<p><a href=\"https:\/\/gruene-weissach.de\/wp-content\/uploads\/2020\/06\/Stellungnahme-GR-06.20-Gewebegebiet-Neuenb\u00fchl-III.pdf\">Unsere Stellungnahme zum Bebauungsplan<\/a><\/p>\n<p><a href=\"https:\/\/gruene-weissach.de\/wp-content\/uploads\/2020\/06\/PM-Fl\u00e4chenverbrauch-06.20.pdf\">Pressemitteilung<\/a><\/p>\n<p><a href=\"https:\/\/gruene-weissach.de\/wp-content\/uploads\/2020\/06\/Statistisches-Landesamt-Fl\u00e4chenverbrauch-04.20-.pdf\">Statistisches Landsamt zum Fl\u00e4chenverbrauch<\/a><\/p>\n<p><a href=\"https:\/\/gruene-weissach.de\/wp-content\/uploads\/2020\/06\/Statistisches-Landesamt-Artikel-04.20-Siedlungsentwicklung.pdf\">Statistisches Landsamt zur Siedlungsentwicklung<\/a><\/p>\n<h5>2. Geb\u00fchren f\u00fcr die Notbetreuung<\/h5>\n<p><a href=\"https:\/\/gruene-weissach.de\/wp-content\/uploads\/2020\/06\/GR-Fraktion-Gr\u00fcne-\u00c4nderungsantrag-TOP-5-Geb\u00fchren-Notbetreuung-GR-22.06.2020.pdf\">Unser \u00c4nderungsantrag zu TOP 5 Geb\u00fchren f\u00fcr die Notbetreuung<\/a><\/p>\n","protected":false},"excerpt":{"rendered":"<p>1. Gewerbegbiet Neuenb\u00fchl 3 &#8211; Unsere Stellungnahme Die Gr\u00fcne Gemeinderatsfraktion [&hellip;]<\/p>\n","protected":false},"author":-1,"featured_media":0,"comment_status":"closed","ping_status":"closed","sticky":false,"template":"","format":"standard","meta":{"footnotes":""},"categories":[2,1],"tags":[],"class_list":["post-754","post","type-post","status-publish","format-standard","hentry","category-aktuell","category-allgemein"],"_links":{"self":[{"href":"https:\/\/gruene-weissach.de\/index.php?rest_route=\/wp\/v2\/posts\/754","targetHints":{"allow":["GET"]}}],"collection":[{"href":"https:\/\/gruene-weissach.de\/index.php?rest_route=\/wp\/v2\/posts"}],"about":[{"href":"https:\/\/gruene-weissach.de\/index.php?rest_route=\/wp\/v2\/types\/post"}],"author":[{"embeddable":true,"href":"https:\/\/gruene-weissach.de\/index.php?rest_route=\/wp\/v2\/users\/1"}],"replies":[{"embeddable":true,"href":"https:\/\/gruene-weissach.de\/index.php?rest_route=%2Fwp%2Fv2%2Fcomments&post=754"}],"version-history":[{"count":1,"href":"https:\/\/gruene-weissach.de\/index.php?rest_route=\/wp\/v2\/posts\/754\/revisions"}],"predecessor-version":[{"id":758,"href":"https:\/\/gruene-weissach.de\/index.php?rest_route=\/wp\/v2\/posts\/754\/revisions\/758"}],"wp:attachment":[{"href":"https:\/\/gruene-weissach.de\/index.php?rest_route=%2Fwp%2Fv2%2Fmedia&parent=754"}],"wp:term":[{"taxonomy":"category","embeddable":true,"href":"https:\/\/gruene-weissach.de\/index.php?rest_route=%2Fwp%2Fv2%2Fcategories&post=754"},{"taxonomy":"post_tag","embeddable":true,"href":"https:\/\/gruene-weissach.de\/index.php?rest_route=%2Fwp%2Fv2%2Ftags&post=754"}],"curies":[{"name":"wp","href":"https:\/\/api.w.org\/{rel}","templated":true}]}}