{"id":770,"date":"2020-08-10T22:02:19","date_gmt":"2020-08-10T20:02:19","guid":{"rendered":"https:\/\/gruene-weissach.de\/?p=770"},"modified":"2020-09-08T15:54:20","modified_gmt":"2020-09-08T13:54:20","slug":"wir-brauchen-einen-hitzeplan","status":"publish","type":"post","link":"https:\/\/gruene-weissach.de\/?p=770","title":{"rendered":"Wir brauchen einen #Hitzeplan!"},"content":{"rendered":"<p>Die momentane Hitzewelle kommt nicht \u00fcberraschend \u2013 sie ist das neue Normal. Gerade dieses Jahr \u2013 mit den schockierenden Berichten aus Sibirien und der Arktis \u2013 zeigt, dass die Klimakrise rasant an Geschwindigkeit zunimmt. Die Hitze ist eine ernste Gefahr f\u00fcr unser aller Gesundheit \u2013 vor allem f\u00fcr \u00e4ltere und herzkranke Menschen. Studien zeigen, dass die Hitze tausende Todesopfer jedes Jahr fordert. Die Corona-Pandemie hat uns unvorbereitet getroffen \u2013 das darf uns bei den Folgen der Klimakrise nicht passieren! Wir m\u00fcssen in Zukunft f\u00fcr l\u00e4ngere Hitzeperioden gewappnet sein. Fordere gemeinsam mit uns einen Hitzeplan zum Schutz der Gesundheit!<\/p>\n<p>Hier mitmachen: <a href=\"https:\/\/www.gruene.de\/aktionen\/wir-brauchen-einen-hitzeplan\" target=\"_blank\" rel=\"noopener noreferrer\">https:\/\/www.gruene.de\/aktionen\/wir-brauchen-einen-hitzeplan<\/a><\/p>\n","protected":false},"excerpt":{"rendered":"<p>Die momentane Hitzewelle kommt nicht \u00fcberraschend \u2013 sie ist das [&hellip;]<\/p>\n","protected":false},"author":-1,"featured_media":0,"comment_status":"closed","ping_status":"closed","sticky":false,"template":"","format":"standard","meta":{"footnotes":""},"categories":[2,1],"tags":[],"class_list":["post-770","post","type-post","status-publish","format-standard","hentry","category-aktuell","category-allgemein"],"_links":{"self":[{"href":"https:\/\/gruene-weissach.de\/index.php?rest_route=\/wp\/v2\/posts\/770","targetHints":{"allow":["GET"]}}],"collection":[{"href":"https:\/\/gruene-weissach.de\/index.php?rest_route=\/wp\/v2\/posts"}],"about":[{"href":"https:\/\/gruene-weissach.de\/index.php?rest_route=\/wp\/v2\/types\/post"}],"author":[{"embeddable":true,"href":"https:\/\/gruene-weissach.de\/index.php?rest_route=\/wp\/v2\/users\/1"}],"replies":[{"embeddable":true,"href":"https:\/\/gruene-weissach.de\/index.php?rest_route=%2Fwp%2Fv2%2Fcomments&post=770"}],"version-history":[{"count":1,"href":"https:\/\/gruene-weissach.de\/index.php?rest_route=\/wp\/v2\/posts\/770\/revisions"}],"predecessor-version":[{"id":771,"href":"https:\/\/gruene-weissach.de\/index.php?rest_route=\/wp\/v2\/posts\/770\/revisions\/771"}],"wp:attachment":[{"href":"https:\/\/gruene-weissach.de\/index.php?rest_route=%2Fwp%2Fv2%2Fmedia&parent=770"}],"wp:term":[{"taxonomy":"category","embeddable":true,"href":"https:\/\/gruene-weissach.de\/index.php?rest_route=%2Fwp%2Fv2%2Fcategories&post=770"},{"taxonomy":"post_tag","embeddable":true,"href":"https:\/\/gruene-weissach.de\/index.php?rest_route=%2Fwp%2Fv2%2Ftags&post=770"}],"curies":[{"name":"wp","href":"https:\/\/api.w.org\/{rel}","templated":true}]}}