{"id":777,"date":"2020-09-08T21:45:49","date_gmt":"2020-09-08T19:45:49","guid":{"rendered":"https:\/\/gruene-weissach.de\/?p=777"},"modified":"2020-09-08T21:45:49","modified_gmt":"2020-09-08T19:45:49","slug":"landratsamt-boeblingen-mitmachzentrale-fortschreibung-nahverkehrsplan","status":"publish","type":"post","link":"https:\/\/gruene-weissach.de\/?p=777","title":{"rendered":"Landratsamt B\u00f6blingen &#8211; Mitmachzentrale &#8211; Fortschreibung Nahverkehrsplan"},"content":{"rendered":"<p>Seit einiger Zeit gibt es im Kreis eine B\u00fcrgerbeteiligung zu verschiedenen Themen. Auf der Plattform der LRABB Mitmachzentrale k\u00f6nnen B\u00fcrger im Landkreis sich aktiv beteiligen. Wir finden das eine gute Sache.<br \/>\nAktuell findet eine B\u00fcrgerbeteiligung zur Fortschreibung des Nahverkehrsplans im Kreis statt.<\/p>\n<p>Was muss am \u00f6ffentliche Nahverkehr bzw. \u00d6PNV ge\u00e4ndert werden? Was kann verbessert werden? Was fehlt?<br \/>\nAnregungen und Ideen sind hier willkommen. Mitmachen erw\u00fcnscht.<\/p>\n<p>Hier der Link f\u00fcrs Mitmachen: <a href=\"https:\/\/www.mitmachen-kreisbb.de\/dialog\/fortschreibung-nahverkehrsplan-fuer-den-landkreis-boeblingen\" target=\"_blank\" rel=\"noopener noreferrer\"><strong>Mitmachzentrale<\/strong><\/a><\/p>\n<p>&nbsp;<\/p>\n<div>\n<header>\n<h2 class=\"node__title node-title\">Fortschreibung Nahverkehrsplan f\u00fcr den Landkreis B\u00f6blingen<\/h2>\n<div class=\"submitted\"><\/div>\n<\/header>\n<div class=\"node-body\">\n<div class=\"leftside\">\n<div class=\"field field-name-body field-type-text-with-summary field-label-hidden\">\n<div class=\"field-items\">\n<div class=\"field-item even\">\n<div>Dem \u00f6ffentlichen Nahverkehr im Landkreis B\u00f6blingen liegt ein Nahverkehrsplan zugrunde, der derzeit fortgeschrieben wird.<\/div>\n<div><\/div>\n<h4>Was ist ein Nahverkehrsplan?<\/h4>\n<div>Der Landkreis B\u00f6blingen ist im Bereich des \u00d6ffentlichen Personennahverkehrs Aufgabentr\u00e4ger f\u00fcr den Busverkehr und hat im Rahmen der Aufgabenwahrnehmung zur Sicherung und zur Verbesserung des Angebots einen Nahverkehrsplan aufgestellt. Der Nahverkehrsplan stellt die \u00f6ffentlichen Verkehrsinteressen und Bed\u00fcrfnisse dar und bildet den Rahmen f\u00fcr die k\u00fcnftige Entwicklung des \u00d6ffentlichen Personennahverkehrs im Landkreis. Er ist also ein Planungsinstrument, dass sich in erster Linie an Fachleute (Verkehrsunternehmen, Genehmigungsbeh\u00f6rde, Verkehrsplaner,&#8230; ) richtet.<\/div>\n<div><\/div>\n<h4>Was habe ich als B\u00fcrger mit dem Nahverkehrsplan zu tun? Warum soll ich mich beteiligen?<\/h4>\n<div>Der \u00d6PNV betrifft potenziell alle B\u00fcrgerinnen und B\u00fcrger. Er ist ein wichtiges Mobilit\u00e4tsangebot und wird in seiner Bedeutung k\u00fcnftig noch mehr zunehmen.<br \/>\nZiel ist es, m\u00f6glichst viele Mobilit\u00e4tsbed\u00fcrfnisse zu erf\u00fcllen und damit weitere Kunden f\u00fcr den \u00d6PNV zu gewinnen. Daher ist es wichtig zu erfahren, auf welche Aspekte\/ Themen bei der Planung zuk\u00fcnftig ein st\u00e4rkeres Augenmerk gelegt werden soll.<\/div>\n<div><\/div>\n<h4>Wie kann ich mich als B\u00fcrger beteiligen?<\/h4>\n<div>Die Verwaltung hat Thesen aufgestellt, zu denen sich jede B\u00fcrgerin und jeder B\u00fcrger im Rahmen einer Thesen-Diskussion \u00e4u\u00dfern kann. Diese R\u00fcckmeldungen sollen im Rahmen der zuk\u00fcnftigen Planungen nach M\u00f6glichkeit Ber\u00fccksichtigung finden.<\/div>\n<div>Neben der M\u00f6glichkeit zur direkten Beteiligung besteht auch die M\u00f6glichkeit sich \u00fcber den aktuellen Stand des Verfahrens zu informieren. Es werden hierzu Informationen \u00fcber die Internetseite\/die sozialen Medien bereitgestellt.<\/div>\n<\/div>\n<\/div>\n<\/div>\n<\/div>\n<\/div>\n<\/div>\n<div><\/div>\n","protected":false},"excerpt":{"rendered":"<p>Seit einiger Zeit gibt es im Kreis eine B\u00fcrgerbeteiligung zu [&hellip;]<\/p>\n","protected":false},"author":-1,"featured_media":0,"comment_status":"open","ping_status":"closed","sticky":false,"template":"","format":"standard","meta":{"footnotes":""},"categories":[2,1],"tags":[],"class_list":["post-777","post","type-post","status-publish","format-standard","hentry","category-aktuell","category-allgemein"],"_links":{"self":[{"href":"https:\/\/gruene-weissach.de\/index.php?rest_route=\/wp\/v2\/posts\/777","targetHints":{"allow":["GET"]}}],"collection":[{"href":"https:\/\/gruene-weissach.de\/index.php?rest_route=\/wp\/v2\/posts"}],"about":[{"href":"https:\/\/gruene-weissach.de\/index.php?rest_route=\/wp\/v2\/types\/post"}],"author":[{"embeddable":true,"href":"https:\/\/gruene-weissach.de\/index.php?rest_route=\/wp\/v2\/users\/1"}],"replies":[{"embeddable":true,"href":"https:\/\/gruene-weissach.de\/index.php?rest_route=%2Fwp%2Fv2%2Fcomments&post=777"}],"version-history":[{"count":1,"href":"https:\/\/gruene-weissach.de\/index.php?rest_route=\/wp\/v2\/posts\/777\/revisions"}],"predecessor-version":[{"id":778,"href":"https:\/\/gruene-weissach.de\/index.php?rest_route=\/wp\/v2\/posts\/777\/revisions\/778"}],"wp:attachment":[{"href":"https:\/\/gruene-weissach.de\/index.php?rest_route=%2Fwp%2Fv2%2Fmedia&parent=777"}],"wp:term":[{"taxonomy":"category","embeddable":true,"href":"https:\/\/gruene-weissach.de\/index.php?rest_route=%2Fwp%2Fv2%2Fcategories&post=777"},{"taxonomy":"post_tag","embeddable":true,"href":"https:\/\/gruene-weissach.de\/index.php?rest_route=%2Fwp%2Fv2%2Ftags&post=777"}],"curies":[{"name":"wp","href":"https:\/\/api.w.org\/{rel}","templated":true}]}}