{"id":788,"date":"2020-09-22T21:12:07","date_gmt":"2020-09-22T19:12:07","guid":{"rendered":"https:\/\/gruene-weissach.de\/?p=788"},"modified":"2020-09-22T21:12:07","modified_gmt":"2020-09-22T19:12:07","slug":"stellungnahme-zu-neuenbuehl-3","status":"publish","type":"post","link":"https:\/\/gruene-weissach.de\/?p=788","title":{"rendered":"Stellungnahme zu Neuenb\u00fchl 3"},"content":{"rendered":"<p>Die Gr\u00fcne Gemeinderatsfraktion hat auf der Gemeinderatssitzung am 21.09.2020 ihre Forderungen zum geplanten Gewerbegebiet Neuenb\u00fchl 3 eingebracht und vorgetragen.<\/p>\n<p><a href=\"https:\/\/gruene-weissach.de\/wp-content\/uploads\/2020\/09\/GR-Fraktion-Gruene-Antrag-20.09.2020-TOP-2-Forderungen-zum-Bebauungsplan-Neuenbuehl-III.pdf\" target=\"_blank\" rel=\"noopener noreferrer\">Unser Antrag zum Bebauungsplan Neuenb\u00fchl 3<\/a><\/p>\n<p>Von unseren 4 Forderungen wurde die 1. Forderung nach einer insektenfreundlichen Beleuchtung in der Satzung ber\u00fccksicht. Unsere weiteren Forderungen nach einer extensiven Dachbegr\u00fcnung, Schutzma\u00dfnahmen an den Fassaden zum Vogelschutz und die Anbringung von Nisthilfen fanden leider keine Mehrheit. Allerdings sollen die Forderungen als Hinweise in die Satzung aufgenommen werden. So konnten wir wenigstens einen kleinen Teilerfolg verbuchen.<\/p>\n<p><a href=\"https:\/\/gruene-weissach.de\/wp-content\/uploads\/2020\/09\/Stellungnahme-GR-09.20-Satzungsbeschluss-Gewebegebiet-Neuenbuehl-III.pdf\" target=\"_blank\" rel=\"noopener noreferrer\">Unsere Stellungsnahme zum Bebauungsplan Neuenb\u00fchl 3<\/a><\/p>\n<p>Es bleibt anzumerken, dass BM T\u00f6pfer die Sitzung sehr autorit\u00e4r geleitet hat und teilweise unangemessen auf unsere Wortmeldungen und die der UL reagiert hat. Eine souver\u00e4ne Sitzungsleitung sieht nach unserer Auffassung anders aus.<\/p>\n<p>&nbsp;<\/p>\n","protected":false},"excerpt":{"rendered":"<p>Die Gr\u00fcne Gemeinderatsfraktion hat auf der Gemeinderatssitzung am 21.09.2020 ihre [&hellip;]<\/p>\n","protected":false},"author":-1,"featured_media":0,"comment_status":"open","ping_status":"closed","sticky":false,"template":"","format":"standard","meta":{"footnotes":""},"categories":[2,1],"tags":[],"class_list":["post-788","post","type-post","status-publish","format-standard","hentry","category-aktuell","category-allgemein"],"_links":{"self":[{"href":"https:\/\/gruene-weissach.de\/index.php?rest_route=\/wp\/v2\/posts\/788","targetHints":{"allow":["GET"]}}],"collection":[{"href":"https:\/\/gruene-weissach.de\/index.php?rest_route=\/wp\/v2\/posts"}],"about":[{"href":"https:\/\/gruene-weissach.de\/index.php?rest_route=\/wp\/v2\/types\/post"}],"author":[{"embeddable":true,"href":"https:\/\/gruene-weissach.de\/index.php?rest_route=\/wp\/v2\/users\/1"}],"replies":[{"embeddable":true,"href":"https:\/\/gruene-weissach.de\/index.php?rest_route=%2Fwp%2Fv2%2Fcomments&post=788"}],"version-history":[{"count":2,"href":"https:\/\/gruene-weissach.de\/index.php?rest_route=\/wp\/v2\/posts\/788\/revisions"}],"predecessor-version":[{"id":792,"href":"https:\/\/gruene-weissach.de\/index.php?rest_route=\/wp\/v2\/posts\/788\/revisions\/792"}],"wp:attachment":[{"href":"https:\/\/gruene-weissach.de\/index.php?rest_route=%2Fwp%2Fv2%2Fmedia&parent=788"}],"wp:term":[{"taxonomy":"category","embeddable":true,"href":"https:\/\/gruene-weissach.de\/index.php?rest_route=%2Fwp%2Fv2%2Fcategories&post=788"},{"taxonomy":"post_tag","embeddable":true,"href":"https:\/\/gruene-weissach.de\/index.php?rest_route=%2Fwp%2Fv2%2Ftags&post=788"}],"curies":[{"name":"wp","href":"https:\/\/api.w.org\/{rel}","templated":true}]}}