{"id":818,"date":"2020-10-18T18:31:21","date_gmt":"2020-10-18T16:31:21","guid":{"rendered":"https:\/\/gruene-weissach.de\/?p=818"},"modified":"2020-10-18T18:31:21","modified_gmt":"2020-10-18T16:31:21","slug":"neues-aus-der-gruenen-gemeinderatsfraktion-2","status":"publish","type":"post","link":"https:\/\/gruene-weissach.de\/?p=818","title":{"rendered":"Neues aus der Gr\u00fcnen Gemeinderatsfraktion"},"content":{"rendered":"<h4><strong>Die \u201eNEUE MITTE f\u00fcr Weissach\u201c nimmt Fahrt auf \u2013 Morgen ist schon heute<\/strong><\/h4>\n<p><span style=\"font-family: Times New Roman, serif;\"><span style=\"font-size: medium;\"><span style=\"font-family: Arial, serif;\"><span style=\"font-size: small;\">Nach einer Klausur des Gemeinderates und zwei Einwohnerversammlungen startet die B\u00fcrgerbeteiligung f\u00fcr die Planung unserer \u201e<\/span><\/span><span style=\"font-family: Arial, serif;\"><span style=\"font-size: small;\"><b>NEUEN MITTE\u201c<\/b><\/span><\/span><span style=\"font-family: Arial, serif;\"><span style=\"font-size: small;\"> Weissach. Bedauerlich ist aus unserer Sicht, dass diese coronabedingt nicht in der \u00f6ffentlichen Form, wie geplant, stattfinden wird. Dabei legen wir jedoch gro\u00dfen Wert darauf, dass sich <\/span><\/span><b><span style=\"font-family: Arial, serif;\"><span style=\"font-size: small;\">alle<\/span><\/span><\/b><span style=\"font-family: Arial, serif;\"><span style=\"font-size: small;\"> B\u00fcrger*innen aktiv einbringen k\u00f6nnen. Wir Gr\u00fcne haben uns zum Ziel gesetzt, unsere Mitte zu einem lebendigen, sicheren, nachhaltigen und gesunden Ort zu gestalten &#8211; eine lebenswerte Mitte f\u00fcr <\/span><\/span><b><span style=\"font-family: Arial, serif;\"><span style=\"font-size: small;\">ALLE<\/span><\/span><\/b><span style=\"font-family: Arial, serif;\"><span style=\"font-size: small;\">. Dies erfordert aus unserer Sicht, dass wir heute schon an morgen denken und kluge, zukunftsf\u00e4hige Konzepte brauchen. F\u00fcr uns gilt: <\/span><\/span><span style=\"font-family: Arial, serif;\"><span style=\"font-size: small;\"><b>Leben, Raum, Bauten<\/b><\/span><\/span><span style=\"font-family: Arial, serif;\"><span style=\"font-size: small;\">, in dieser Reihenfolge. Unter <\/span><\/span><b><span style=\"font-family: Arial, serif;\"><span style=\"font-size: small;\">www.gruene-weissach.de<\/span><\/span><\/b><span style=\"font-family: Arial, serif;\"><span style=\"font-size: small;\"> k\u00f6nnt Ihr unsere Ziele nachlesen. In unserem Ideenforum freuen wir uns \u00fcber Eure Anregungen.<\/span><\/span><\/span><\/span><\/p>\n<h4><b>Gewerbegebiet Neuenb\u00fchl III kommt \u2013 der Fl\u00e4chenverbrauch geht weiter <\/b><\/h4>\n<p><span style=\"font-family: Times New Roman, serif;\"><span style=\"font-size: medium;\"><span style=\"font-family: Arial, serif;\"><span style=\"font-size: small;\">Unsere Fraktion hat der geplanten Erweiterung nicht zugestimmt. Das Vorhaben ist derzeit aus unserer Sicht weder \u00f6konomisch noch \u00f6kologisch sinnvoll und gerechtfertigt. Wir haben gr\u00f6\u00dfte Zweifel am tats\u00e4chlichen Bedarf <\/span><\/span><b><span style=\"font-family: Arial, serif;\"><span style=\"font-size: small;\">ortsans\u00e4ssiger Gewerbe. <\/span><\/span><\/b><span style=\"font-family: Arial, serif;\"><span style=\"font-size: small;\">Mangelnder Bedarf bzw. Nachfrage machen das Projekt finanziell nicht verantwortbar. Wir sehen aktuell wichtigere Projekte und Priorisierungen,um unsere Gemeinde voranzubringen. H\u00e4tte man Gewerbefl\u00e4chen von NB II nur an ortsans\u00e4ssige Unternehmen vergeben, w\u00e4ren noch ausreichend Fl\u00e4chenvorr\u00e4te vorhanden. Auch aus \u00f6kologischer Sicht halten wir die Erschlie\u00dfung f\u00fcr nicht gerechtfertigt. Das politisch erkl\u00e4rte Ziel, den Fl\u00e4chenverbrauch zu reduzieren wird damit ignoriert. Unser Erg\u00e4nzungsantrag, mit vier konkreten Vorschl\u00e4gen hatte zum Ziel, die \u00f6kologischen Beeintr\u00e4chtigungen des Fl\u00e4chenverbrauchs und der Versiegelung zu minimieren \u2013 er wurde leider bis auf einen Punkt mehrheitlich abgelehnt. <\/span><\/span><\/span><\/span><\/p>\n<h4><b>Insektenfreundliche Kommune \u2013 eine gute Initiative, aber der Schein tr\u00fcgt<\/b><\/h4>\n<p><span style=\"font-family: Times New Roman, serif;\"><span style=\"font-size: medium;\"><span style=\"font-family: Arial, serif;\"><span style=\"font-size: small;\">Als eine von f\u00fcnf Kommunen im Kreis will Weissach durch Anlegen von heimischen Bl\u00fchwiesen den R\u00fcckgang der Insekten stoppen und zur Erhaltung der Artenvielfalt beitragen. Das finden wir gut! Wird dabei auch unserem Antrag auf Anlegen von Bl\u00fchstreifen Rechnung getragen. Alle f\u00fcnf Kommunen wandeln rd. 1,5 ha Fl\u00e4che in Bl\u00fchwiesen um. Dies ist jedoch fast \u201enichts\u201c, wenn allein Weissach f\u00fcr das neue Gewerbegebiet NB III rd. 5 ha Fl\u00e4che verbraucht. Hinzu k\u00f6nnen noch weitere 7 ha f\u00fcr das im Fl\u00e4chennutzungsplan m\u00f6gliche Baugebiet \u201eAm Graben\u201c kommen. Tr\u00fcbt es den Blick doch sehr, insektenfreundliche Kommune zu sein, zumal Fl\u00e4chenverbrauch nachweislich in unmittelbarem Zusammenhang mit R\u00fcckgang der Artenvielfalt steht.<\/span><\/span><\/span><\/span><\/p>\n<h4><b>Fahrradst\u00e4nder an Bushaltestellen \u2013 Mobilit\u00e4tsangebote f\u00f6rdern<\/b><\/h4>\n<p><span style=\"font-family: Times New Roman, serif;\"><span style=\"font-size: medium;\"><span style=\"font-family: Arial, serif;\"><span style=\"font-size: small;\">Unseren Antrag, zu pr\u00fcfen, wo Fahrradst\u00e4nder an Bushaltestellen m\u00f6glich und sinnvoll sind, hat die Verwaltung vorbildlich aufbereitet. Teilweise sind diese schon vorhanden, am Sportplatz Flacht wird ein Angebot geschaffen. Unser Ziel f\u00fcr beide Ortsteile eine zentrale, \u00fcberdachte Fahrradabstellm\u00f6glichkeit zu schaffen ist f\u00fcr die neue Ortsmitte Weissach vorgesehen. Wir werden uns weiter daf\u00fcr einsetzen, auch im Hohweg in Flacht ein solches Angebot zu verwirklichen.<\/span><\/span><\/span><\/span><\/p>\n<p><strong>Herbstliche Gr\u00fc\u00dfe und bleiben Sie alle gesund!<\/strong><\/p>\n<p><strong>Eure Gemeinderatsfraktion B\u00dcNDNIS 90 \/ DIE GR\u00dcNEN: Petra Herter, Pierre Michael, Christina Wiggenhauser und Barbara Fauth<\/strong><\/p>\n<p><span style=\"font-family: Times New Roman, serif;\"><span style=\"font-size: medium;\"><span style=\"font-family: Arial, serif;\"><span style=\"font-size: small;\">\u00a0<\/span><\/span><\/span><\/span><\/p>\n","protected":false},"excerpt":{"rendered":"<p>Die \u201eNEUE MITTE f\u00fcr Weissach\u201c nimmt Fahrt auf \u2013 Morgen [&hellip;]<\/p>\n","protected":false},"author":-1,"featured_media":0,"comment_status":"open","ping_status":"closed","sticky":false,"template":"","format":"standard","meta":{"footnotes":""},"categories":[2,1],"tags":[],"class_list":["post-818","post","type-post","status-publish","format-standard","hentry","category-aktuell","category-allgemein"],"_links":{"self":[{"href":"https:\/\/gruene-weissach.de\/index.php?rest_route=\/wp\/v2\/posts\/818","targetHints":{"allow":["GET"]}}],"collection":[{"href":"https:\/\/gruene-weissach.de\/index.php?rest_route=\/wp\/v2\/posts"}],"about":[{"href":"https:\/\/gruene-weissach.de\/index.php?rest_route=\/wp\/v2\/types\/post"}],"author":[{"embeddable":true,"href":"https:\/\/gruene-weissach.de\/index.php?rest_route=\/wp\/v2\/users\/1"}],"replies":[{"embeddable":true,"href":"https:\/\/gruene-weissach.de\/index.php?rest_route=%2Fwp%2Fv2%2Fcomments&post=818"}],"version-history":[{"count":1,"href":"https:\/\/gruene-weissach.de\/index.php?rest_route=\/wp\/v2\/posts\/818\/revisions"}],"predecessor-version":[{"id":819,"href":"https:\/\/gruene-weissach.de\/index.php?rest_route=\/wp\/v2\/posts\/818\/revisions\/819"}],"wp:attachment":[{"href":"https:\/\/gruene-weissach.de\/index.php?rest_route=%2Fwp%2Fv2%2Fmedia&parent=818"}],"wp:term":[{"taxonomy":"category","embeddable":true,"href":"https:\/\/gruene-weissach.de\/index.php?rest_route=%2Fwp%2Fv2%2Fcategories&post=818"},{"taxonomy":"post_tag","embeddable":true,"href":"https:\/\/gruene-weissach.de\/index.php?rest_route=%2Fwp%2Fv2%2Ftags&post=818"}],"curies":[{"name":"wp","href":"https:\/\/api.w.org\/{rel}","templated":true}]}}