{"id":899,"date":"2021-01-06T21:22:56","date_gmt":"2021-01-06T20:22:56","guid":{"rendered":"https:\/\/gruene-weissach.de\/?p=899"},"modified":"2021-01-06T21:22:56","modified_gmt":"2021-01-06T20:22:56","slug":"online-treffen-am-14-januar","status":"publish","type":"post","link":"https:\/\/gruene-weissach.de\/?p=899","title":{"rendered":"Online-Treffen am 14. Januar"},"content":{"rendered":"<p>Liebe Gr\u00fcne Aktive in Weissach und Flacht,<\/p>\n<p>wir laden euch herzlich zu unserem ersten Gr\u00fcnen Online-Treff im neuen Jahr ein.<\/p>\n<p><b>Datum: Donnerstag, 14. Januar, 19:30 &#8211; ca. 21:00 Uhr<\/b><\/p>\n<p><b>Online Link: <a class=\"moz-txt-link-freetext\" href=\"https:\/\/meet.jit.si\/GrueneWeissach\">https:\/\/meet.jit.si\/GrueneWeissach<\/a><\/b><br \/>\nHinweis: Beim Anmelden bitte Kamera (optional), Mikrofon und Lautsprecher einschalten bzw. freigeben.<\/p>\n<p>In einer lockeren Runde wollen wir \u00fcber folgende Themen informieren und diskutieren:<\/p>\n<p>&#8211; R\u00fcckblick Gemeinderatsarbeit 2.Halbjahr und Ausblick in 2021<br \/>\n&#8211; B\u00fcrgerbegehren Neubaugebiet am Graben<br \/>\n&#8211; Infos zum anstehenden Landtagswahlkampf<br \/>\n&#8211; Eure Fragen, Ideen und Anregungen<\/p>\n<p>Wir freuen uns auf ein (virtuelles) Wiedersehen und hoffen, dass viele von euch dabei sein k\u00f6nnen!<\/p>\n<p>Gr\u00fcne Gr\u00fc\u00dfe von<\/p>\n<p>Petra und Wolfgang<\/p>\n<p><a href=\"https:\/\/gruene-weissach.de\/wp-content\/uploads\/2021\/01\/gt-14-jan.jpg\"><img loading=\"lazy\" decoding=\"async\" class=\"alignleft size-medium wp-image-898\" src=\"https:\/\/gruene-weissach.de\/wp-content\/uploads\/2021\/01\/gt-14-jan-400x267.jpg\" alt=\"\" width=\"400\" height=\"267\" srcset=\"https:\/\/gruene-weissach.de\/wp-content\/uploads\/2021\/01\/gt-14-jan-400x267.jpg 400w, https:\/\/gruene-weissach.de\/wp-content\/uploads\/2021\/01\/gt-14-jan-800x533.jpg 800w, https:\/\/gruene-weissach.de\/wp-content\/uploads\/2021\/01\/gt-14-jan-768x512.jpg 768w, https:\/\/gruene-weissach.de\/wp-content\/uploads\/2021\/01\/gt-14-jan-1536x1024.jpg 1536w, https:\/\/gruene-weissach.de\/wp-content\/uploads\/2021\/01\/gt-14-jan-150x100.jpg 150w, https:\/\/gruene-weissach.de\/wp-content\/uploads\/2021\/01\/gt-14-jan.jpg 1920w\" sizes=\"auto, (max-width: 400px) 100vw, 400px\" \/><\/a><\/p>\n","protected":false},"excerpt":{"rendered":"<p>Liebe Gr\u00fcne Aktive in Weissach und Flacht, wir laden euch [&hellip;]<\/p>\n","protected":false},"author":-1,"featured_media":0,"comment_status":"open","ping_status":"closed","sticky":false,"template":"","format":"standard","meta":{"footnotes":""},"categories":[2,1],"tags":[],"class_list":["post-899","post","type-post","status-publish","format-standard","hentry","category-aktuell","category-allgemein"],"_links":{"self":[{"href":"https:\/\/gruene-weissach.de\/index.php?rest_route=\/wp\/v2\/posts\/899","targetHints":{"allow":["GET"]}}],"collection":[{"href":"https:\/\/gruene-weissach.de\/index.php?rest_route=\/wp\/v2\/posts"}],"about":[{"href":"https:\/\/gruene-weissach.de\/index.php?rest_route=\/wp\/v2\/types\/post"}],"author":[{"embeddable":true,"href":"https:\/\/gruene-weissach.de\/index.php?rest_route=\/wp\/v2\/users\/1"}],"replies":[{"embeddable":true,"href":"https:\/\/gruene-weissach.de\/index.php?rest_route=%2Fwp%2Fv2%2Fcomments&post=899"}],"version-history":[{"count":1,"href":"https:\/\/gruene-weissach.de\/index.php?rest_route=\/wp\/v2\/posts\/899\/revisions"}],"predecessor-version":[{"id":900,"href":"https:\/\/gruene-weissach.de\/index.php?rest_route=\/wp\/v2\/posts\/899\/revisions\/900"}],"wp:attachment":[{"href":"https:\/\/gruene-weissach.de\/index.php?rest_route=%2Fwp%2Fv2%2Fmedia&parent=899"}],"wp:term":[{"taxonomy":"category","embeddable":true,"href":"https:\/\/gruene-weissach.de\/index.php?rest_route=%2Fwp%2Fv2%2Fcategories&post=899"},{"taxonomy":"post_tag","embeddable":true,"href":"https:\/\/gruene-weissach.de\/index.php?rest_route=%2Fwp%2Fv2%2Ftags&post=899"}],"curies":[{"name":"wp","href":"https:\/\/api.w.org\/{rel}","templated":true}]}}