{"id":905,"date":"2021-01-07T12:26:42","date_gmt":"2021-01-07T11:26:42","guid":{"rendered":"https:\/\/gruene-weissach.de\/?p=905"},"modified":"2021-01-07T12:27:29","modified_gmt":"2021-01-07T11:27:29","slug":"es-geht-los-buergerbegehren-am-graben-startet","status":"publish","type":"post","link":"https:\/\/gruene-weissach.de\/?p=905","title":{"rendered":"Es geht los: B\u00fcrgerbegehren am Graben startet!"},"content":{"rendered":"<p>Hallo liebe Gr\u00fcne und Unterst\u00fctzer:innen aus Weissach und Flacht,<\/p>\n<p>das initiierte <strong>B\u00fcrgerbegehren gegen das geplante Neubaugebiet Am Graben<\/strong> in Weissach startet ab sofort!<br \/>\n<strong>Es werden bis zum 31. M\u00e4rz 2021 421 Unterschriften ben\u00f6tigt<\/strong>. Wenn diese Zahl erreicht wird, muss sich der Gemeinderat damit befassen, ob ein B\u00fcrgerentscheid zugelassen wird.\u00a0 Es ben\u00f6tigt hierf\u00fcr eine 2\/3 Mehrheit des Gemeinderates. Au\u00dferdem muss er dann \u00fcber die Fragestellung und den Termin befinden.<\/p>\n<p>Unsere Gr\u00fcne Gemeinderatsfraktion hat dem Antrag zum Aufstellungsbeschluss in der GR-Sitzung am 16.11.2020 einstimmig nicht zugestimmt und unterst\u00fctzen daher auch ausdr\u00fccklich das B\u00fcrgerbegehren. Unsere Stellungnahme dazu findet ihr hier: <a href=\"https:\/\/gruene-weissach.de\/?p=837\">https:\/\/gruene-weissach.de\/?p=837<\/a><\/p>\n<p>Jetzt brauchen wir aber die Unterst\u00fctzung und Mithilfe von Euch allen, um die ben\u00f6tigte Zahl der Unterschriften bis Ende M\u00e4rz zu erreichen.<\/p>\n<p>Im Anhang gibt ein Begleitschreiben und die vorbereitete Unterschriftenliste (auch zum ausdrucken) &#8211; mehr m\u00f6chte ich dazu gar nicht ausf\u00fchren &#8211; lest einfach selbst!<\/p>\n<p><strong>Wichtig: Bitte verteilt die Listen und gebt die Unterlagen schon mal an alle Freunde und Bekannte weiter!<\/strong><\/p>\n<p>In unserer Online Sitzung am Donnerstag dem 14.01.2021\u00a0 (s. sep. Mail von heute) bekommt ihr dann noch weitere Infos \u00fcber das geplante Vorgehen.<\/p>\n<p>Also jetzt gilt es Unterschriften zu sammeln. Gerne k\u00f6nnt ihr die Listen \u00a0mit den Unterschriften bei Euch erstmal sammeln. (im Original zwingend)<br \/>\nWir m\u00fcssen es schaffen, dass es einen B\u00fcrgerentscheid\u00a0 hierzu gibt!<\/p>\n<p>&#8211; <a href=\"https:\/\/gruene-weissach.de\/wp-content\/uploads\/2021\/01\/Erlaeuterungen-zum-Buergerbegehren-Neubaugebiet-am-Graben.pdf\">Begleitschreiben<\/a><br \/>\n&#8211; <a href=\"https:\/\/gruene-weissach.de\/wp-content\/uploads\/2021\/01\/Unterschriftenliste-Buergerbegehren-Neubaugebiet-Am-Graben.pdf\">Unterschriftenliste<\/a><\/p>\n<p><strong>Schon mal vielen Dank Euch allen!!!<\/strong><\/p>\n<p>Viele Gr\u00fc\u00dfe bis bald<br \/>\nPetra<\/p>\n","protected":false},"excerpt":{"rendered":"<p>Hallo liebe Gr\u00fcne und Unterst\u00fctzer:innen aus Weissach und Flacht, das [&hellip;]<\/p>\n","protected":false},"author":-1,"featured_media":0,"comment_status":"open","ping_status":"closed","sticky":false,"template":"","format":"standard","meta":{"footnotes":""},"categories":[2,1],"tags":[],"class_list":["post-905","post","type-post","status-publish","format-standard","hentry","category-aktuell","category-allgemein"],"_links":{"self":[{"href":"https:\/\/gruene-weissach.de\/index.php?rest_route=\/wp\/v2\/posts\/905","targetHints":{"allow":["GET"]}}],"collection":[{"href":"https:\/\/gruene-weissach.de\/index.php?rest_route=\/wp\/v2\/posts"}],"about":[{"href":"https:\/\/gruene-weissach.de\/index.php?rest_route=\/wp\/v2\/types\/post"}],"author":[{"embeddable":true,"href":"https:\/\/gruene-weissach.de\/index.php?rest_route=\/wp\/v2\/users\/1"}],"replies":[{"embeddable":true,"href":"https:\/\/gruene-weissach.de\/index.php?rest_route=%2Fwp%2Fv2%2Fcomments&post=905"}],"version-history":[{"count":2,"href":"https:\/\/gruene-weissach.de\/index.php?rest_route=\/wp\/v2\/posts\/905\/revisions"}],"predecessor-version":[{"id":907,"href":"https:\/\/gruene-weissach.de\/index.php?rest_route=\/wp\/v2\/posts\/905\/revisions\/907"}],"wp:attachment":[{"href":"https:\/\/gruene-weissach.de\/index.php?rest_route=%2Fwp%2Fv2%2Fmedia&parent=905"}],"wp:term":[{"taxonomy":"category","embeddable":true,"href":"https:\/\/gruene-weissach.de\/index.php?rest_route=%2Fwp%2Fv2%2Fcategories&post=905"},{"taxonomy":"post_tag","embeddable":true,"href":"https:\/\/gruene-weissach.de\/index.php?rest_route=%2Fwp%2Fv2%2Ftags&post=905"}],"curies":[{"name":"wp","href":"https:\/\/api.w.org\/{rel}","templated":true}]}}