{"id":935,"date":"2021-02-22T19:05:18","date_gmt":"2021-02-22T18:05:18","guid":{"rendered":"https:\/\/gruene-weissach.de\/?p=935"},"modified":"2021-02-22T19:05:50","modified_gmt":"2021-02-22T18:05:50","slug":"kahlschlag-am-flachter-friedhof-das-haette-nicht-sein-duerfen","status":"publish","type":"post","link":"https:\/\/gruene-weissach.de\/?p=935","title":{"rendered":"Kahlschlag am Flachter Friedhof- Das h\u00e4tte nicht sein d\u00fcrfen!"},"content":{"rendered":"<p><a href=\"https:\/\/gruene-weissach.de\/wp-content\/uploads\/2021\/02\/IMG_2725.jpg\"><img loading=\"lazy\" decoding=\"async\" class=\"alignleft size-medium wp-image-933\" src=\"https:\/\/gruene-weissach.de\/wp-content\/uploads\/2021\/02\/IMG_2725-400x228.jpg\" alt=\"\" width=\"400\" height=\"228\" srcset=\"https:\/\/gruene-weissach.de\/wp-content\/uploads\/2021\/02\/IMG_2725-400x228.jpg 400w, https:\/\/gruene-weissach.de\/wp-content\/uploads\/2021\/02\/IMG_2725-800x456.jpg 800w, https:\/\/gruene-weissach.de\/wp-content\/uploads\/2021\/02\/IMG_2725-768x438.jpg 768w, https:\/\/gruene-weissach.de\/wp-content\/uploads\/2021\/02\/IMG_2725-150x86.jpg 150w, https:\/\/gruene-weissach.de\/wp-content\/uploads\/2021\/02\/IMG_2725.jpg 1340w\" sizes=\"auto, (max-width: 400px) 100vw, 400px\" \/><\/a><\/p>\n<p>&nbsp;<\/p>\n<p>&nbsp;<\/p>\n<p>&nbsp;<\/p>\n<p>&nbsp;<\/p>\n<p>&nbsp;<\/p>\n<p>&nbsp;<\/p>\n<p lang=\"de-DE\">\n<p lang=\"de-DE\"><strong><span style=\"color: #282e21;\"><span style=\"font-size: large;\">\u00dcber die F\u00e4llung von<\/span><\/span><span style=\"color: #282e21;\"><span style=\"font-size: large;\"> vier<\/span><\/span><span style=\"color: #282e21;\"><span style=\"font-size: large;\"> gro\u00dfen B\u00e4umen am Friedhof waren viele B\u00fcrgerinnen und B\u00fcrger, aber auch wir sehr entsetzt und betroffen.<\/span><\/span><\/strong><\/p>\n<p lang=\"de-DE\"><span style=\"color: #282e21;\"><span style=\"font-size: large;\">Deshalb m\u00f6chten wir kurz dazu Stellung nehmen.<\/span><\/span><\/p>\n<p lang=\"de-DE\"><span style=\"color: #282e21;\"><span style=\"font-size: large;\">Die Renovierung des Flachter Vorfriedhofsplatzes lag im Rahmen der Sanierung der Brunnenstrasse nahe. Ziel sollte es auch sein, die Schr\u00e4ge etwas zu begradigen, was allgemein besser ist und das Ein- und Aussteigen auch \u00e4lteren und beeintr\u00e4chtigen Menschen erleichtern soll. Das fanden wir vom Ansatz her wichtig und gut.<\/span><\/span><\/p>\n<p lang=\"de-DE\"><span style=\"color: #282e21;\"><span style=\"font-size: large;\">Die Planungen wurden uns durch den Planer des Planungsb\u00fcros in zwei Sitzungen des Technischen Ausschusses im Herbst 2020 vorgestellt.<\/span><\/span><\/p>\n<p lang=\"de-DE\"><span style=\"color: #282e21;\"><span style=\"font-size: large;\">In beiden Sitzungen hat unsere Fraktion eindringlich darum gebeten, alle bestehenden B\u00e4ume zu erhalten, verbunden mit der Bitte, dies in den Planungen zu ber\u00fccksichtigen.<\/span><\/span><\/p>\n<p class=\"western\" lang=\"de-DE\"><span style=\"color: #282e21;\"><span style=\"font-size: large;\">Eine konkrete Zusage hat der Planer nicht gemacht, jedoch sein Bem\u00fchen darum ge\u00e4u\u00dfert. In der zweiten Sitzung, in der die Planungen schon fortgeschrittener waren, teilte er uns mit, dass er es nicht versprechen kann, und m\u00f6glicherweise, der Baum ganz vorn an der Einfahrt wohl gef\u00e4llt werden muss. \u2013So ist es auch in den Sitzungsunterlagen dokumentiert &#8211; Das h\u00e4tten wir gerade noch so hingenommen.<\/span><\/span><\/p>\n<p lang=\"de-DE\"><span style=\"color: #282e21;\"><span style=\"font-size: large;\">Deshalb haben wir dem Beschlussvorschlag zugestimmt.<\/span><\/span><\/p>\n<p lang=\"de-DE\"><span style=\"color: #282e21;\"><span style=\"font-size: large;\"><b>W\u00e4re allerdings von Anfang an klar gewesen, dass alle vier B\u00e4ume gef\u00e4llt werden m\u00fcssen, h\u00e4tten wir der Beschlussvorlage sicher nicht zugestimmt, sondern eine L\u00f6sung gefordert, die den Erhalt der B\u00e4ume beinhaltet h\u00e4tte.<\/b><\/span><\/span><\/p>\n<p lang=\"de-DE\"><span style=\"color: #282e21;\"><span style=\"font-size: large;\">Diese vier, \u00fcber Jahrzehnte gewachsene B\u00e4ume, ohne dringende Not zu f\u00e4llen, ist in Zeiten des Klimawandels aus unserer Sicht nahezu unverantwortbar, zumal an den Baumst\u00fcmpfen nicht erkennbar ist, dass einer der B\u00e4ume krank gewesen ist und evtl. aus Sicherheitsgr\u00fcnden gef\u00e4llt werden muss. <\/span><\/span><\/p>\n<p lang=\"de-DE\"><span style=\"color: #282e21;\"><span style=\"font-size: large;\">Erf\u00fcllen gerade solch gro\u00dfe, sch\u00f6ne B\u00e4ume wichtige Funktionen in unserer Dorfmitte und geben Ihr Charme und Charakter. Sie spenden uns Schatten, versorgen uns mit Sauerstoff, sorgen f\u00fcr ein gutes Klima und sind ein wichtiger CO2 Staubsauger. <\/span><\/span><\/p>\n<p lang=\"de-DE\"><span style=\"color: #282e21;\"><span style=\"font-size: large;\">Im Rahmen der Neugestaltung sind zwar Neupflanzungen geplant, <\/span><\/span><span style=\"color: #282e21;\"><span style=\"font-size: large;\">aber wir wissen alle, dass es wieder Jahrzehnte dauern wird, um das Verlorene zu erreichen. \u2013 <\/span><\/span><\/p>\n<p lang=\"de-DE\"><span style=\"color: #282e21;\"><span style=\"font-size: large;\">Wir werden uns deshalb zur Aufgabe machen und uns mit aller Kraft f\u00fcr den Erhalt von B\u00e4umen in unserer Gemeinde einsetzen. <\/span><\/span><\/p>\n<p lang=\"de-DE\"><span style=\"color: #282e21;\"><span style=\"font-size: large;\">Eure Gemeinderatsfraktion<\/span><\/span><\/p>\n<p lang=\"de-DE\"><span style=\"color: #282e21;\"><span style=\"font-size: large;\">Petra Herter, Pierre Michael, Barbara Fauth und Christina Wiggenhauser<\/span><\/span><\/p>\n<p lang=\"de-DE\"><a href=\"https:\/\/gruene-weissach.de\/wp-content\/uploads\/2021\/02\/IMG_2719-rotated.jpg\"><img loading=\"lazy\" decoding=\"async\" class=\"alignleft size-medium wp-image-930\" src=\"https:\/\/gruene-weissach.de\/wp-content\/uploads\/2021\/02\/IMG_2719-400x533.jpg\" alt=\"\" width=\"400\" height=\"533\" srcset=\"https:\/\/gruene-weissach.de\/wp-content\/uploads\/2021\/02\/IMG_2719-400x533.jpg 400w, https:\/\/gruene-weissach.de\/wp-content\/uploads\/2021\/02\/IMG_2719-113x150.jpg 113w, https:\/\/gruene-weissach.de\/wp-content\/uploads\/2021\/02\/IMG_2719-rotated.jpg 480w\" sizes=\"auto, (max-width: 400px) 100vw, 400px\" \/><\/a><a href=\"https:\/\/gruene-weissach.de\/wp-content\/uploads\/2021\/02\/IMG_2721-rotated.jpg\"><img loading=\"lazy\" decoding=\"async\" class=\"alignleft size-medium wp-image-932\" src=\"https:\/\/gruene-weissach.de\/wp-content\/uploads\/2021\/02\/IMG_2721-400x533.jpg\" alt=\"\" width=\"400\" height=\"533\" srcset=\"https:\/\/gruene-weissach.de\/wp-content\/uploads\/2021\/02\/IMG_2721-400x533.jpg 400w, https:\/\/gruene-weissach.de\/wp-content\/uploads\/2021\/02\/IMG_2721-113x150.jpg 113w, https:\/\/gruene-weissach.de\/wp-content\/uploads\/2021\/02\/IMG_2721-rotated.jpg 480w\" sizes=\"auto, (max-width: 400px) 100vw, 400px\" \/><\/a><\/p>\n<p lang=\"de-DE\"><a href=\"https:\/\/gruene-weissach.de\/wp-content\/uploads\/2021\/02\/IMG_2720-rotated.jpg\"><img loading=\"lazy\" decoding=\"async\" class=\"alignleft size-medium wp-image-931\" src=\"https:\/\/gruene-weissach.de\/wp-content\/uploads\/2021\/02\/IMG_2720-400x533.jpg\" alt=\"\" width=\"400\" height=\"533\" srcset=\"https:\/\/gruene-weissach.de\/wp-content\/uploads\/2021\/02\/IMG_2720-400x533.jpg 400w, https:\/\/gruene-weissach.de\/wp-content\/uploads\/2021\/02\/IMG_2720-113x150.jpg 113w, https:\/\/gruene-weissach.de\/wp-content\/uploads\/2021\/02\/IMG_2720-rotated.jpg 480w\" sizes=\"auto, (max-width: 400px) 100vw, 400px\" \/><\/a><a href=\"https:\/\/gruene-weissach.de\/wp-content\/uploads\/2021\/02\/IMG_2717-rotated.jpg\"><img loading=\"lazy\" decoding=\"async\" class=\"alignleft size-medium wp-image-934\" src=\"https:\/\/gruene-weissach.de\/wp-content\/uploads\/2021\/02\/IMG_2717-400x533.jpg\" alt=\"\" width=\"400\" height=\"533\" srcset=\"https:\/\/gruene-weissach.de\/wp-content\/uploads\/2021\/02\/IMG_2717-400x533.jpg 400w, https:\/\/gruene-weissach.de\/wp-content\/uploads\/2021\/02\/IMG_2717-113x150.jpg 113w, https:\/\/gruene-weissach.de\/wp-content\/uploads\/2021\/02\/IMG_2717-rotated.jpg 480w\" sizes=\"auto, (max-width: 400px) 100vw, 400px\" \/><\/a><\/p>\n","protected":false},"excerpt":{"rendered":"<p>&nbsp; &nbsp; &nbsp; &nbsp; &nbsp; &nbsp; \u00dcber die F\u00e4llung von [&hellip;]<\/p>\n","protected":false},"author":-1,"featured_media":0,"comment_status":"open","ping_status":"closed","sticky":false,"template":"","format":"standard","meta":{"footnotes":""},"categories":[2,1],"tags":[],"class_list":["post-935","post","type-post","status-publish","format-standard","hentry","category-aktuell","category-allgemein"],"_links":{"self":[{"href":"https:\/\/gruene-weissach.de\/index.php?rest_route=\/wp\/v2\/posts\/935","targetHints":{"allow":["GET"]}}],"collection":[{"href":"https:\/\/gruene-weissach.de\/index.php?rest_route=\/wp\/v2\/posts"}],"about":[{"href":"https:\/\/gruene-weissach.de\/index.php?rest_route=\/wp\/v2\/types\/post"}],"author":[{"embeddable":true,"href":"https:\/\/gruene-weissach.de\/index.php?rest_route=\/wp\/v2\/users\/1"}],"replies":[{"embeddable":true,"href":"https:\/\/gruene-weissach.de\/index.php?rest_route=%2Fwp%2Fv2%2Fcomments&post=935"}],"version-history":[{"count":3,"href":"https:\/\/gruene-weissach.de\/index.php?rest_route=\/wp\/v2\/posts\/935\/revisions"}],"predecessor-version":[{"id":938,"href":"https:\/\/gruene-weissach.de\/index.php?rest_route=\/wp\/v2\/posts\/935\/revisions\/938"}],"wp:attachment":[{"href":"https:\/\/gruene-weissach.de\/index.php?rest_route=%2Fwp%2Fv2%2Fmedia&parent=935"}],"wp:term":[{"taxonomy":"category","embeddable":true,"href":"https:\/\/gruene-weissach.de\/index.php?rest_route=%2Fwp%2Fv2%2Fcategories&post=935"},{"taxonomy":"post_tag","embeddable":true,"href":"https:\/\/gruene-weissach.de\/index.php?rest_route=%2Fwp%2Fv2%2Ftags&post=935"}],"curies":[{"name":"wp","href":"https:\/\/api.w.org\/{rel}","templated":true}]}}