{"id":942,"date":"2021-02-27T18:39:02","date_gmt":"2021-02-27T17:39:02","guid":{"rendered":"https:\/\/gruene-weissach.de\/?p=942"},"modified":"2021-02-27T20:43:18","modified_gmt":"2021-02-27T19:43:18","slug":"erster-energiebericht-der-gemeinde-weissach-wurde-vorgestellt","status":"publish","type":"post","link":"https:\/\/gruene-weissach.de\/?p=942","title":{"rendered":"Erster Energiebericht der Gemeinde Weissach wurde vorgestellt"},"content":{"rendered":"<p class=\"western\" lang=\"de-DE\"><span style=\"color: #282e21;\"><span style=\"font-size: large;\">In der Sitzung des Technischen Ausschusses am 22.02.2021 wurde den Mitgliedern der erste Energiebericht der Gemeinde von 2018-2020 vorgestellt. <\/span><\/span><\/p>\n<p class=\"western\" lang=\"de-DE\"><span style=\"color: #282e21;\"><span style=\"font-size: large;\"><b>Zu allererst ein sehr gro\u00dfes Lob an Herrn B\u00fcrkle von der Verwaltung und Herrn Karczag, unseren neuen Klimamanager<\/b>, f\u00fcr diesen ersten Energiebericht. Wir wissen um den Aufwand und die Arbeit, die hinter dem Werk steckt, und sind uns sicher, es wird sich f\u00fcr uns alle lohnen. <\/span><\/span><\/p>\n<p class=\"western\" lang=\"de-DE\"><span style=\"color: #282e21;\"><span style=\"font-size: large;\">Worum geht es darin? Was sind die Erkenntnisse daraus?<\/span><\/span><\/p>\n<p class=\"western\" lang=\"de-DE\"><span style=\"color: #282e21;\"><span style=\"font-size: large;\">Es geht darum, dass Klimaschutz eine unabdingbare Voraussetzung f\u00fcr die Einhaltung der Klimaschutzziele ist und somit f\u00fcr eine nachhaltige Entwicklung. Gerade auch die Kommunen sind mehr denn je gefordert, zum Erreichen der Klimaschutzziele beizutragen.<\/span><\/span><\/p>\n<p class=\"western\" lang=\"de-DE\"><span style=\"color: #282e21;\"><span style=\"font-size: large;\">Mit diesem Energiebericht schaffen wir eine wichtige Grundlage f\u00fcr unser zuk\u00fcnftiges Handeln f\u00fcr die gemeindeeigenen Liegenschaften, wenn auch die bisherige interne Datenlage der Vergangenheit noch einige Schw\u00e4chen aufzeigt, aber insgesamt doch deutliche Defizite sichtbar werden.<\/span><\/span><\/p>\n<p class=\"western\" lang=\"de-DE\"><span style=\"color: #282e21;\"><span style=\"font-size: large;\"><b>Fakt ist, unsere Liegenschaften sind energetisch schlechter als der Durchschnitt im Jahr 2005.<\/b><\/span><\/span><\/p>\n<p class=\"western\" lang=\"de-DE\"><span style=\"color: #282e21;\"><span style=\"font-size: large;\">Unser Klimamanager zeigte in seiner Pr\u00e4sentation die wesentlichen Bereiche des Energieverbrauches unserer Liegenschaften. Das sind Strom, W\u00e4rme, Wasser und der Fuhrpark. Unsere gesamten Energiekosten 2020 betragen rd. 1,2 Mio. Euro. Davon entfallen rd. 56% der Kosten auf Strom, 25% auf Wasser, 17% auf W\u00e4rme und 2% auf den Fuhrpark.<\/span><\/span><\/p>\n<p class=\"western\" lang=\"de-DE\"><span style=\"color: #282e21;\"><span style=\"font-size: large;\">Diese werden bis 2025 auf 1,4 Mio Euro ansteigen. <b>Wenn wir die <\/b><b>vorhandenen Einsparp<\/b><b>otentiale aussch\u00f6pfen, k\u00f6nnen wir die <\/b><b>Energiekosten<\/b><b> auf 1,1 Mio Euro senken.<\/b><\/span><\/span><\/p>\n<p class=\"western\" lang=\"de-DE\"><span style=\"color: #282e21;\"><span style=\"font-size: large;\">Die Einsparung der CO2 Emissionen l\u00e4ge dabei bei rd. 2.800t.<\/span><\/span><\/p>\n<p class=\"western\" lang=\"de-DE\"><span style=\"color: #282e21;\"><span style=\"font-size: large;\">Wichtig f\u00fcr die m\u00f6gliche Einsparung ist dabei auch, dass wir beim Bezug von Strom auf 100% \u00d6kostrom umstellen. Einen Teil des Stromverbrauches erfolgt bereits seit 2020 aus \u00d6kostrom. Das ist gut so! <\/span><\/span><\/p>\n<p class=\"western\" lang=\"de-DE\"><span style=\"color: #282e21;\"><span style=\"font-size: large;\">Was sehr negativ auff\u00e4llt, dass die Verbrauchsdaten bei vielen Liegenschaften in unserer Gemeinde deutlich \u00fcber den relativen Werten liegen, was in der Summe hohe laufende Kosten verursacht.<\/span><\/span><\/p>\n<p class=\"western\" lang=\"de-DE\"><span style=\"color: #282e21;\"><span style=\"font-size: large;\">Es wird auch sehr deutlich, dass erhebliche Mehrkosten ca. 32.000 Euro p.a. durch die Co2 Steuer auf uns zukommen, wenn wir nichts tun. <\/span><\/span><span style=\"color: #282e21;\"><span style=\"font-size: large;\">Hinzu kommen Mehrkosten aus Preissteigerungen aus Verbr\u00e4uchen und damit eine weitere Erh\u00f6hung laufenden Kosten. <\/span><\/span><\/p>\n<p class=\"western\" lang=\"de-DE\"><span style=\"color: #282e21;\"><span style=\"font-size: large;\"><b>Wir werden also doppelt bestraft, wenn wir nichts tun!<\/b><\/span><\/span><\/p>\n<p class=\"western\" lang=\"de-DE\"><span style=\"color: #282e21;\"><span style=\"font-size: large;\"><b>Ziel muss deshalb ein aktives Energiemanagement sein, denn der Bericht zeigt ein enormes Verbesserungspotential in nahezu allen Bereichen. <\/b><\/span><\/span><\/p>\n<p class=\"western\" lang=\"de-DE\"><span style=\"color: #282e21;\"><span style=\"font-size: large;\">Deutlich wird auch, welcher Umfang und welche Komplexit\u00e4t hinter dem Thema stecken, die eine ganzheitliche Betrachtung dringend notwendig machen. Die Ma\u00dfnahmen erfordern eine genaue Wirtschaftlichkeitsbetrachtung, m\u00f6gliche Energieeinsparungen m\u00fcssen berechnet und die Umsetzung gut geplant werden.<\/span><\/span><\/p>\n<p class=\"western\" lang=\"de-DE\"><span style=\"color: #282e21;\"><span style=\"font-size: large;\"><b>Wir sind deshalb froh und halten es f\u00fcr sehr wichtig, dass wir daf\u00fcr nun den Klimaschutzmanager haben, der die Sachen professionell f\u00fcr uns angeht. <\/b>Also, wir sind absolut auf dem richtigen Weg! Wichtig ist nun, was wir daraus machen und dass wir erkennen, es gibt Einiges zu tun. <\/span><\/span><\/p>\n<p class=\"western\" lang=\"de-DE\"><span style=\"color: #282e21;\"><span style=\"font-size: large;\">Den f\u00fcr 2021 und 2022 geplanten Ma\u00dfnahmenvorschl\u00e4gen k\u00f6nnen wir allen folgen. F\u00fcr einen ganz wichtigen Punkt halten wir die Nutzersensibilisierung, sozusagen als Daueraufgabe f\u00fcr unseren Klimamanager, insbesondere auch der Hausmeister, die Vieles vor Ort mit bewirken k\u00f6nnen.<\/span><\/span><\/p>\n<p class=\"western\" lang=\"de-DE\"><span style=\"color: #282e21;\"><span style=\"font-size: large;\"><b>F\u00fcr uns wird damit klar: Wir m\u00fcssen jetzt dringend loslegen!<\/b><\/span><\/span><\/p>\n<p class=\"western\" lang=\"de-DE\"><span style=\"color: #282e21;\"><span style=\"font-size: large;\">Die Gr\u00fcne Gemeinderatsfraktion<\/span><\/span><\/p>\n<p class=\"western\" lang=\"de-DE\"><span style=\"color: #282e21;\"><span style=\"font-size: large;\">Petra Herter, Pierre Michael, Barbara Fauth und Christina Wiggenhauser<\/span><\/span><\/p>\n<p class=\"western\" lang=\"de-DE\"><span style=\"color: #282e21;\"><span style=\"font-size: large;\">PS: Den ausf\u00fchrlichen Energiebericht zum Nachlesen findet Ihr <a href=\"https:\/\/gruene-weissach.de\/wp-content\/uploads\/2021\/02\/Energiebericht_22-Feb.pdf\">hier.<\/a><\/span><\/span><\/p>\n","protected":false},"excerpt":{"rendered":"<p>In der Sitzung des Technischen Ausschusses am 22.02.2021 wurde den [&hellip;]<\/p>\n","protected":false},"author":-1,"featured_media":0,"comment_status":"open","ping_status":"closed","sticky":false,"template":"","format":"standard","meta":{"footnotes":""},"categories":[2,1],"tags":[10,13,12,11],"class_list":["post-942","post","type-post","status-publish","format-standard","hentry","category-aktuell","category-allgemein","tag-energiebericht","tag-energieeinsparung","tag-klimamanager","tag-klimaschutz"],"_links":{"self":[{"href":"https:\/\/gruene-weissach.de\/index.php?rest_route=\/wp\/v2\/posts\/942","targetHints":{"allow":["GET"]}}],"collection":[{"href":"https:\/\/gruene-weissach.de\/index.php?rest_route=\/wp\/v2\/posts"}],"about":[{"href":"https:\/\/gruene-weissach.de\/index.php?rest_route=\/wp\/v2\/types\/post"}],"author":[{"embeddable":true,"href":"https:\/\/gruene-weissach.de\/index.php?rest_route=\/wp\/v2\/users\/1"}],"replies":[{"embeddable":true,"href":"https:\/\/gruene-weissach.de\/index.php?rest_route=%2Fwp%2Fv2%2Fcomments&post=942"}],"version-history":[{"count":4,"href":"https:\/\/gruene-weissach.de\/index.php?rest_route=\/wp\/v2\/posts\/942\/revisions"}],"predecessor-version":[{"id":946,"href":"https:\/\/gruene-weissach.de\/index.php?rest_route=\/wp\/v2\/posts\/942\/revisions\/946"}],"wp:attachment":[{"href":"https:\/\/gruene-weissach.de\/index.php?rest_route=%2Fwp%2Fv2%2Fmedia&parent=942"}],"wp:term":[{"taxonomy":"category","embeddable":true,"href":"https:\/\/gruene-weissach.de\/index.php?rest_route=%2Fwp%2Fv2%2Fcategories&post=942"},{"taxonomy":"post_tag","embeddable":true,"href":"https:\/\/gruene-weissach.de\/index.php?rest_route=%2Fwp%2Fv2%2Ftags&post=942"}],"curies":[{"name":"wp","href":"https:\/\/api.w.org\/{rel}","templated":true}]}}