{"id":948,"date":"2021-03-12T19:21:01","date_gmt":"2021-03-12T18:21:01","guid":{"rendered":"https:\/\/gruene-weissach.de\/?p=948"},"modified":"2021-03-14T17:44:49","modified_gmt":"2021-03-14T16:44:49","slug":"greensill-skandal-weissach-droht-der-verlust-von-16-millionen","status":"publish","type":"post","link":"https:\/\/gruene-weissach.de\/?p=948","title":{"rendered":"\u201eGreensill-Skandal: Weissach droht der Verlust von 16 Millionen\u201c"},"content":{"rendered":"<p>Auch wir von der Fraktion B\u00dcNDNIS 90 \/ DIE GR\u00dcNEN sind schockiert \u00fcber die Ereignisse rund um die Greensill-Bank und den drohenden Verlust von 16 Millionen Euro, die die Gemeinde Weissach bei dieser Bank angelegt hat.<\/p>\n<p>Wie in der <span style=\"color: #0000ff;\"><u><a href=\"https:\/\/www.leonberger-kreiszeitung.de\/inhalt.greensill-skandal-weissach-droht-der-verlust-von-16-millionen.7725ba51-1a06-4132-ab01-99e84417d4e2.html\" target=\"_blank\" rel=\"noopener\">Leonberger Kreiszeitung am 10.03.2021<\/a><\/u><\/span> berichtet, geht es uns nicht um Schuldzuweisungen, sondern um Transparenz. Wir setzen uns deshalb daf\u00fcr ein, die Geldanlagen der Gemeinde genaustens unter die Lupe zu nehmen sowie die Gemeindeverwaltung bei der Aufarbeitung der Vorg\u00e4nge konstruktiv zu unterst\u00fctzen.<\/p>\n<p>Immer risikoreichere Geldanlagen \u00f6ffentlicher Mittel, mit dem Ziel, minimale Zinsen zu erwirtschaften, sind aus unserer Sicht nicht verantwortbar. Es ist deshalb auch nicht der kommunalpolitische Wille unserer Gemeinderatsfraktion, dass die Kapitalanlagen f\u00fcr das liquide Verm\u00f6gen der Gemeinde im Wesentlichen unter Ertragsgesichtspunkten ausgew\u00e4hlt werden. Vielmehr fordern wir eine sehr genaue Risikoabw\u00e4gung mit der Bereitschaft ggf. keine oder nur minimale Zinsen in Kauf zu nehmen, zumal die Einlagensicherung bereits seit Oktober 2017 f\u00fcr Kommunen entfallen ist.<\/p>\n<p>Deswegen haben wir die neue, am 25.01.2021 vom Gemeinderat mehrheitlich beschlossene Anlagerichtlinie auch abgelehnt (siehe unsere <span style=\"color: #0000ff;\"><u><a href=\"https:\/\/gruene-weissach.de\/?p=939\">Stellungnahme<\/a><\/u><\/span> vom 02.02.2021). Wir hoffen, dass alle Entscheidungstr\u00e4ger der Gemeinde die richtigen Lehren aus diesen Ereignissen ziehen und die von uns geforderte Neuausrichtung der Anlagestrategie unterst\u00fctzen.<\/p>\n<p class=\"western\" lang=\"de-DE\">Die Gr\u00fcne Gemeinderatsfraktion<\/p>\n<p class=\"western\" lang=\"de-DE\">Petra Herter, Pierre Michael, Barbara Fauth und Christina Wiggenhauser<\/p>\n<p>&nbsp;<\/p>\n","protected":false},"excerpt":{"rendered":"<p>Auch wir von der Fraktion B\u00dcNDNIS 90 \/ DIE GR\u00dcNEN [&hellip;]<\/p>\n","protected":false},"author":-1,"featured_media":0,"comment_status":"open","ping_status":"closed","sticky":false,"template":"","format":"standard","meta":{"footnotes":""},"categories":[2,1],"tags":[],"class_list":["post-948","post","type-post","status-publish","format-standard","hentry","category-aktuell","category-allgemein"],"_links":{"self":[{"href":"https:\/\/gruene-weissach.de\/index.php?rest_route=\/wp\/v2\/posts\/948","targetHints":{"allow":["GET"]}}],"collection":[{"href":"https:\/\/gruene-weissach.de\/index.php?rest_route=\/wp\/v2\/posts"}],"about":[{"href":"https:\/\/gruene-weissach.de\/index.php?rest_route=\/wp\/v2\/types\/post"}],"author":[{"embeddable":true,"href":"https:\/\/gruene-weissach.de\/index.php?rest_route=\/wp\/v2\/users\/1"}],"replies":[{"embeddable":true,"href":"https:\/\/gruene-weissach.de\/index.php?rest_route=%2Fwp%2Fv2%2Fcomments&post=948"}],"version-history":[{"count":6,"href":"https:\/\/gruene-weissach.de\/index.php?rest_route=\/wp\/v2\/posts\/948\/revisions"}],"predecessor-version":[{"id":955,"href":"https:\/\/gruene-weissach.de\/index.php?rest_route=\/wp\/v2\/posts\/948\/revisions\/955"}],"wp:attachment":[{"href":"https:\/\/gruene-weissach.de\/index.php?rest_route=%2Fwp%2Fv2%2Fmedia&parent=948"}],"wp:term":[{"taxonomy":"category","embeddable":true,"href":"https:\/\/gruene-weissach.de\/index.php?rest_route=%2Fwp%2Fv2%2Fcategories&post=948"},{"taxonomy":"post_tag","embeddable":true,"href":"https:\/\/gruene-weissach.de\/index.php?rest_route=%2Fwp%2Fv2%2Ftags&post=948"}],"curies":[{"name":"wp","href":"https:\/\/api.w.org\/{rel}","templated":true}]}}