{"id":961,"date":"2021-03-14T23:18:22","date_gmt":"2021-03-14T22:18:22","guid":{"rendered":"https:\/\/gruene-weissach.de\/?p=961"},"modified":"2021-03-14T23:20:06","modified_gmt":"2021-03-14T22:20:06","slug":"peter-seimer-gewinnt-direktmandat","status":"publish","type":"post","link":"https:\/\/gruene-weissach.de\/?p=961","title":{"rendered":"Peter Seimer gewinnt Direktmandat!"},"content":{"rendered":"<p>Peter Seimer, unser Kandidat f\u00fcr den Wahlkreis 6, hat das Direktmandat gewonnen und wird uns f\u00fcr die kommenden 5 Jahre im Landtag vertreten. In Weissach konnte Peter 35,4 % der Stimmen erzielen, was Platz 1 f\u00fcr den Wahlkreis ist.<\/p>\n<p>Damit ist der Generationenwechsel von unserem langj\u00e4hrigen MdL Dr. Bernd Murschel zum neuen Erstkandidaten Peter Seimer gegl\u00fcckt.<\/p>\n<p>Mit seinen Worten:<\/p>\n<div dir=\"ltr\"><strong>&#8222;Liebe W\u00e4hler*innen,<\/strong><\/div>\n<div dir=\"ltr\"><strong>herzlichen Dank f\u00fcr Ihr Vertrauen, welches Sie mir bei der Landtagswahl 2021 geschenkt haben. Ich freue mich dar\u00fcber den Wahlkreis Leonberg &#8211; Herrenberg die n\u00e4chsten 5 Jahre im Landtag vertreten zu d\u00fcrfen!<\/strong><\/div>\n<div dir=\"ltr\"><strong>Ihr Peter Seimer&#8220;<\/strong><\/div>\n<div dir=\"ltr\"><\/div>\n<div dir=\"ltr\"><a href=\"https:\/\/gruene-weissach.de\/wp-content\/uploads\/2021\/03\/peter-seimer_danke.jpg\"><img loading=\"lazy\" decoding=\"async\" class=\"alignleft size-medium wp-image-963\" src=\"https:\/\/gruene-weissach.de\/wp-content\/uploads\/2021\/03\/peter-seimer_danke-400x400.jpg\" alt=\"\" width=\"400\" height=\"400\" srcset=\"https:\/\/gruene-weissach.de\/wp-content\/uploads\/2021\/03\/peter-seimer_danke-400x400.jpg 400w, https:\/\/gruene-weissach.de\/wp-content\/uploads\/2021\/03\/peter-seimer_danke-800x800.jpg 800w, https:\/\/gruene-weissach.de\/wp-content\/uploads\/2021\/03\/peter-seimer_danke-150x150.jpg 150w, https:\/\/gruene-weissach.de\/wp-content\/uploads\/2021\/03\/peter-seimer_danke-768x768.jpg 768w, https:\/\/gruene-weissach.de\/wp-content\/uploads\/2021\/03\/peter-seimer_danke.jpg 1080w\" sizes=\"auto, (max-width: 400px) 100vw, 400px\" \/><\/a><\/div>\n<div dir=\"ltr\"><\/div>\n<div dir=\"ltr\"><\/div>\n","protected":false},"excerpt":{"rendered":"<p>Peter Seimer, unser Kandidat f\u00fcr den Wahlkreis 6, hat das [&hellip;]<\/p>\n","protected":false},"author":-1,"featured_media":0,"comment_status":"open","ping_status":"closed","sticky":false,"template":"","format":"standard","meta":{"footnotes":""},"categories":[2,1],"tags":[],"class_list":["post-961","post","type-post","status-publish","format-standard","hentry","category-aktuell","category-allgemein"],"_links":{"self":[{"href":"https:\/\/gruene-weissach.de\/index.php?rest_route=\/wp\/v2\/posts\/961","targetHints":{"allow":["GET"]}}],"collection":[{"href":"https:\/\/gruene-weissach.de\/index.php?rest_route=\/wp\/v2\/posts"}],"about":[{"href":"https:\/\/gruene-weissach.de\/index.php?rest_route=\/wp\/v2\/types\/post"}],"author":[{"embeddable":true,"href":"https:\/\/gruene-weissach.de\/index.php?rest_route=\/wp\/v2\/users\/1"}],"replies":[{"embeddable":true,"href":"https:\/\/gruene-weissach.de\/index.php?rest_route=%2Fwp%2Fv2%2Fcomments&post=961"}],"version-history":[{"count":4,"href":"https:\/\/gruene-weissach.de\/index.php?rest_route=\/wp\/v2\/posts\/961\/revisions"}],"predecessor-version":[{"id":966,"href":"https:\/\/gruene-weissach.de\/index.php?rest_route=\/wp\/v2\/posts\/961\/revisions\/966"}],"wp:attachment":[{"href":"https:\/\/gruene-weissach.de\/index.php?rest_route=%2Fwp%2Fv2%2Fmedia&parent=961"}],"wp:term":[{"taxonomy":"category","embeddable":true,"href":"https:\/\/gruene-weissach.de\/index.php?rest_route=%2Fwp%2Fv2%2Fcategories&post=961"},{"taxonomy":"post_tag","embeddable":true,"href":"https:\/\/gruene-weissach.de\/index.php?rest_route=%2Fwp%2Fv2%2Ftags&post=961"}],"curies":[{"name":"wp","href":"https:\/\/api.w.org\/{rel}","templated":true}]}}