{"id":967,"date":"2021-03-16T11:29:35","date_gmt":"2021-03-16T10:29:35","guid":{"rendered":"https:\/\/gruene-weissach.de\/?p=967"},"modified":"2021-03-16T11:32:22","modified_gmt":"2021-03-16T10:32:22","slug":"landtagswahl-2021-danke-fuer-ihr-vertrauen","status":"publish","type":"post","link":"https:\/\/gruene-weissach.de\/?p=967","title":{"rendered":"Landtagswahl 2021: Danke f\u00fcr Ihr Vertrauen!"},"content":{"rendered":"<header><\/header>\n<header><a href=\"https:\/\/gruene-weissach.de\/wp-content\/uploads\/2021\/03\/Danke-fuer-ihr-Vertrauen-1760x850-1.jpg\"><img loading=\"lazy\" decoding=\"async\" class=\"alignleft size-medium wp-image-969\" src=\"https:\/\/gruene-weissach.de\/wp-content\/uploads\/2021\/03\/Danke-fuer-ihr-Vertrauen-1760x850-1-400x193.jpg\" alt=\"\" width=\"400\" height=\"193\" srcset=\"https:\/\/gruene-weissach.de\/wp-content\/uploads\/2021\/03\/Danke-fuer-ihr-Vertrauen-1760x850-1-400x193.jpg 400w, https:\/\/gruene-weissach.de\/wp-content\/uploads\/2021\/03\/Danke-fuer-ihr-Vertrauen-1760x850-1-800x386.jpg 800w, https:\/\/gruene-weissach.de\/wp-content\/uploads\/2021\/03\/Danke-fuer-ihr-Vertrauen-1760x850-1-768x371.jpg 768w, https:\/\/gruene-weissach.de\/wp-content\/uploads\/2021\/03\/Danke-fuer-ihr-Vertrauen-1760x850-1-1536x742.jpg 1536w, https:\/\/gruene-weissach.de\/wp-content\/uploads\/2021\/03\/Danke-fuer-ihr-Vertrauen-1760x850-1-150x72.jpg 150w, https:\/\/gruene-weissach.de\/wp-content\/uploads\/2021\/03\/Danke-fuer-ihr-Vertrauen-1760x850-1.jpg 1760w\" sizes=\"auto, (max-width: 400px) 100vw, 400px\" \/><\/a><\/header>\n<header><\/header>\n<header><\/header>\n<header><\/header>\n<header><\/header>\n<header><\/header>\n<header><\/header>\n<header><\/header>\n<header><\/header>\n<header><\/header>\n<header><time>14. M\u00e4rz 2021<\/time><\/header>\n<p>Die Menschen in Baden-W\u00fcrttemberg wollen, dass Winfried Kretschmann unser Ministerpr\u00e4sident bleibt. Und sie wollen, dass auch die n\u00e4chste Landesregierung von uns Gr\u00fcnen gef\u00fchrt wird.<\/p>\n<p><strong>Wir bedanken uns bei den W\u00e4hler*innen f\u00fcr dieses gro\u00dfe Vertrauen.<\/strong> Und wir sagen auch ein riesiges \u201eDankesch\u00f6n\u201c an alle, die uns unterst\u00fctzt haben. Nur durch den gro\u00dfartigen Einsatz unserer Wahlk\u00e4mpfer*innen, die unter erschwerten Bedingungen f\u00fcr unsere gr\u00fcnen Ziele geworben haben, ist solch ein starkes Ergebnis m\u00f6glich.<\/p>\n<p>Diese Wahl hat gezeigt: Unsere Demokratie funktioniert trotz schwieriger Voraussetzungen durch die Pandemie.<\/p>\n<p><strong>Wir stehen vor entscheidenden Jahren: Das Klima sch\u00fctzen, unseren Wohlstand auf ein neues Fundament stellen, die liberale Demokratie verteidigen. Diese Herausforderungen gehen wir mutig an!<\/strong><\/p>\n<p>Weitere Infos auf der <a href=\"https:\/\/www.gruene-bw.de\/landtagswahl-2021-danke-fuer-ihr-vertrauen\/\" target=\"_blank\" rel=\"noopener\">Webseite des Gr\u00fcnen Landesverbandes hier.<\/a><\/p>\n<p>&nbsp;<\/p>\n","protected":false},"excerpt":{"rendered":"<p>14. M\u00e4rz 2021 Die Menschen in Baden-W\u00fcrttemberg wollen, dass Winfried [&hellip;]<\/p>\n","protected":false},"author":-1,"featured_media":0,"comment_status":"open","ping_status":"closed","sticky":false,"template":"","format":"standard","meta":{"footnotes":""},"categories":[2,1],"tags":[],"class_list":["post-967","post","type-post","status-publish","format-standard","hentry","category-aktuell","category-allgemein"],"_links":{"self":[{"href":"https:\/\/gruene-weissach.de\/index.php?rest_route=\/wp\/v2\/posts\/967","targetHints":{"allow":["GET"]}}],"collection":[{"href":"https:\/\/gruene-weissach.de\/index.php?rest_route=\/wp\/v2\/posts"}],"about":[{"href":"https:\/\/gruene-weissach.de\/index.php?rest_route=\/wp\/v2\/types\/post"}],"author":[{"embeddable":true,"href":"https:\/\/gruene-weissach.de\/index.php?rest_route=\/wp\/v2\/users\/1"}],"replies":[{"embeddable":true,"href":"https:\/\/gruene-weissach.de\/index.php?rest_route=%2Fwp%2Fv2%2Fcomments&post=967"}],"version-history":[{"count":4,"href":"https:\/\/gruene-weissach.de\/index.php?rest_route=\/wp\/v2\/posts\/967\/revisions"}],"predecessor-version":[{"id":972,"href":"https:\/\/gruene-weissach.de\/index.php?rest_route=\/wp\/v2\/posts\/967\/revisions\/972"}],"wp:attachment":[{"href":"https:\/\/gruene-weissach.de\/index.php?rest_route=%2Fwp%2Fv2%2Fmedia&parent=967"}],"wp:term":[{"taxonomy":"category","embeddable":true,"href":"https:\/\/gruene-weissach.de\/index.php?rest_route=%2Fwp%2Fv2%2Fcategories&post=967"},{"taxonomy":"post_tag","embeddable":true,"href":"https:\/\/gruene-weissach.de\/index.php?rest_route=%2Fwp%2Fv2%2Ftags&post=967"}],"curies":[{"name":"wp","href":"https:\/\/api.w.org\/{rel}","templated":true}]}}