{"id":976,"date":"2021-03-18T18:42:18","date_gmt":"2021-03-18T17:42:18","guid":{"rendered":"https:\/\/gruene-weissach.de\/?p=976"},"modified":"2021-03-19T12:01:49","modified_gmt":"2021-03-19T11:01:49","slug":"jetzt-noch-unterschreiben-buergerbegehren-zum-geplanten-neubaugebiet-am-graben","status":"publish","type":"post","link":"https:\/\/gruene-weissach.de\/?p=976","title":{"rendered":"Jetzt noch unterschreiben! B\u00fcrgerbegehren zum geplanten Neubaugebiet &#8222;Am Graben&#8220;"},"content":{"rendered":"<p><a href=\"https:\/\/gruene-weissach.de\/wp-content\/uploads\/2021\/03\/buergerbegehren_am-graben.png\"><img loading=\"lazy\" decoding=\"async\" class=\"alignleft size-medium wp-image-973\" src=\"https:\/\/gruene-weissach.de\/wp-content\/uploads\/2021\/03\/buergerbegehren_am-graben-400x159.png\" alt=\"\" width=\"400\" height=\"159\" srcset=\"https:\/\/gruene-weissach.de\/wp-content\/uploads\/2021\/03\/buergerbegehren_am-graben-400x159.png 400w, https:\/\/gruene-weissach.de\/wp-content\/uploads\/2021\/03\/buergerbegehren_am-graben-800x318.png 800w, https:\/\/gruene-weissach.de\/wp-content\/uploads\/2021\/03\/buergerbegehren_am-graben-768x305.png 768w, https:\/\/gruene-weissach.de\/wp-content\/uploads\/2021\/03\/buergerbegehren_am-graben-150x60.png 150w, https:\/\/gruene-weissach.de\/wp-content\/uploads\/2021\/03\/buergerbegehren_am-graben.png 993w\" sizes=\"auto, (max-width: 400px) 100vw, 400px\" \/><\/a><\/p>\n<p>&nbsp;<\/p>\n<p>&nbsp;<\/p>\n<p>&nbsp;<\/p>\n<p>&nbsp;<\/p>\n<p>&nbsp;<\/p>\n<p>Die Unterschriftensammlung f\u00fcr das <strong>B\u00fcrgerbegehren gegen das geplante Neubaugebiet &#8222;Am Graben&#8220;<\/strong> l\u00e4uft noch bis Ende M\u00e4rz.<\/p>\n<p>Wir rufen daher alle B\u00fcrger*innen auf, die Forderung nach dem B\u00fcrgerbegehren zu unterschreiben, um unser Anliegen mit m\u00f6glichst vielen Stimmen so stark wie m\u00f6glich zu unterst\u00fctzen.<\/p>\n<p>Weitere Infos zum B\u00fcrgerbegehren, sowie die <strong>Unterschriftenliste zum Download<\/strong> findet ihr auf der Webseite des BUND Weissach+Flacht:<\/p>\n<p><a href=\"https:\/\/www.bund-weissach.de\/service\/meldungen\/detail\/news\/buergerbegehren-neubaugebiet-am-graben\/\" target=\"_blank\" rel=\"noopener\">https:\/\/www.bund-weissach.de\/service\/meldungen\/detail\/news\/buergerbegehren-neubaugebiet-am-graben\/<\/a><\/p>\n<p>Vielen Dank!<\/p>\n<p>&nbsp;<\/p>\n","protected":false},"excerpt":{"rendered":"<p>&nbsp; &nbsp; &nbsp; &nbsp; &nbsp; Die Unterschriftensammlung f\u00fcr das B\u00fcrgerbegehren [&hellip;]<\/p>\n","protected":false},"author":-1,"featured_media":0,"comment_status":"open","ping_status":"closed","sticky":false,"template":"","format":"standard","meta":{"footnotes":""},"categories":[2,1],"tags":[],"class_list":["post-976","post","type-post","status-publish","format-standard","hentry","category-aktuell","category-allgemein"],"_links":{"self":[{"href":"https:\/\/gruene-weissach.de\/index.php?rest_route=\/wp\/v2\/posts\/976","targetHints":{"allow":["GET"]}}],"collection":[{"href":"https:\/\/gruene-weissach.de\/index.php?rest_route=\/wp\/v2\/posts"}],"about":[{"href":"https:\/\/gruene-weissach.de\/index.php?rest_route=\/wp\/v2\/types\/post"}],"author":[{"embeddable":true,"href":"https:\/\/gruene-weissach.de\/index.php?rest_route=\/wp\/v2\/users\/1"}],"replies":[{"embeddable":true,"href":"https:\/\/gruene-weissach.de\/index.php?rest_route=%2Fwp%2Fv2%2Fcomments&post=976"}],"version-history":[{"count":2,"href":"https:\/\/gruene-weissach.de\/index.php?rest_route=\/wp\/v2\/posts\/976\/revisions"}],"predecessor-version":[{"id":978,"href":"https:\/\/gruene-weissach.de\/index.php?rest_route=\/wp\/v2\/posts\/976\/revisions\/978"}],"wp:attachment":[{"href":"https:\/\/gruene-weissach.de\/index.php?rest_route=%2Fwp%2Fv2%2Fmedia&parent=976"}],"wp:term":[{"taxonomy":"category","embeddable":true,"href":"https:\/\/gruene-weissach.de\/index.php?rest_route=%2Fwp%2Fv2%2Fcategories&post=976"},{"taxonomy":"post_tag","embeddable":true,"href":"https:\/\/gruene-weissach.de\/index.php?rest_route=%2Fwp%2Fv2%2Ftags&post=976"}],"curies":[{"name":"wp","href":"https:\/\/api.w.org\/{rel}","templated":true}]}}