{"id":979,"date":"2021-03-24T22:11:55","date_gmt":"2021-03-24T21:11:55","guid":{"rendered":"https:\/\/gruene-weissach.de\/?p=979"},"modified":"2021-03-24T22:11:55","modified_gmt":"2021-03-24T21:11:55","slug":"aktuelle-infos-zum-thema-greensill-bankenpleite","status":"publish","type":"post","link":"https:\/\/gruene-weissach.de\/?p=979","title":{"rendered":"Aktuelle Infos zum Thema &#8222;Greensill Bankenpleite&#8220;"},"content":{"rendered":"<p>Unsere Gemeinderatsfraktion hat sich in den letzten zwei Wochen sehr intensiv, kritisch und gewissenhaft mit der Thematik &#8222;Greensill Bankenpleite&#8220; befasst.<br \/>\nEntsprechende Antr\u00e4ge wurden von uns, auch \u00fcberfraktionell gemeinsam mit der Unabh\u00e4ngigen Liste, zeitnah gestellt, so auch der auf eine \u00f6ffentliche Sondersitzung des Gemeinderats, die am 23.03.2021 stattfand.<\/p>\n<p>Bei der Greensill-Bank hatte die Gemeinde Weissach in den Jahren 2019 und 2020 Geldanlagen in H\u00f6he von etwa 16 Millionen Euro get\u00e4tigt.<\/p>\n<p>Unsere ausf\u00fchrliche Stellungnahme zum Thema Greensill und den Geldanlagen der Gemeinde Weissach sowie unsere in diesem Zusammenhang gestellten Antr\u00e4ge k\u00f6nnt ihr hier nachlesen.<\/p>\n<ul>\n<li><a href=\"https:\/\/gruene-weissach.de\/wp-content\/uploads\/2021\/03\/Stellungnahme-GR-03.21-Sondersitzung-Greensill-final.pdf\" target=\"_blank\" rel=\"noopener\">Stellungnahme der Gr\u00fcnen Gemeinderatsfraktion zur Sondersitzung am 23. M\u00e4rz 2021<\/a><\/li>\n<li><a href=\"https:\/\/gruene-weissach.de\/wp-content\/uploads\/2021\/03\/GR-Fraktion-Gruene-Antrag-Sachstandsbericht-Geldanlagen-und-weiterfuehrende-Massnahmen-07.03.2021.pdf\" target=\"_blank\" rel=\"noopener\">Antrag der Gr\u00fcnen GR-Fraktion zum Sachstandsbericht bzgl. Geldanlagen der Gemeinde und Greensill<\/a><\/li>\n<li><a href=\"https:\/\/gruene-weissach.de\/wp-content\/uploads\/2021\/03\/GR-Fraktionen-GRUeNEUL-ueberfraktioneller-Antrag-auf-Sondersitzung-03.2021.pdf\" target=\"_blank\" rel=\"noopener\">\u00dcberfraktioneller Antrag der Gemeinderatsfraktionen &#8222;Die Gr\u00fcnen&#8220; und &#8222;Unabh\u00e4ngige Liste&#8220; zu einer Sondersitzung des Gemeinderats<\/a><\/li>\n<li><a href=\"https:\/\/gruene-weissach.de\/wp-content\/uploads\/2021\/03\/GR-Fraktionen-GRUeNEUL-ueberfraktioneller-Antrag-auf-GR-Sitzung-Geldanlagen-03.2021.pdf\" target=\"_blank\" rel=\"noopener\">\u00dcberfraktioneller Antrag der Gemeinderatsfraktionen &#8222;Die Gr\u00fcnen&#8220; und &#8222;Unabh\u00e4ngige Liste&#8220; zu einem Sachstandsbericht zu den Weissacher Geldanlagen bei der Greensill Bank<\/a><\/li>\n<\/ul>\n<p>&nbsp;<\/p>\n","protected":false},"excerpt":{"rendered":"<p>Unsere Gemeinderatsfraktion hat sich in den letzten zwei Wochen sehr [&hellip;]<\/p>\n","protected":false},"author":-1,"featured_media":0,"comment_status":"open","ping_status":"closed","sticky":false,"template":"","format":"standard","meta":{"footnotes":""},"categories":[2,1],"tags":[],"class_list":["post-979","post","type-post","status-publish","format-standard","hentry","category-aktuell","category-allgemein"],"_links":{"self":[{"href":"https:\/\/gruene-weissach.de\/index.php?rest_route=\/wp\/v2\/posts\/979","targetHints":{"allow":["GET"]}}],"collection":[{"href":"https:\/\/gruene-weissach.de\/index.php?rest_route=\/wp\/v2\/posts"}],"about":[{"href":"https:\/\/gruene-weissach.de\/index.php?rest_route=\/wp\/v2\/types\/post"}],"author":[{"embeddable":true,"href":"https:\/\/gruene-weissach.de\/index.php?rest_route=\/wp\/v2\/users\/1"}],"replies":[{"embeddable":true,"href":"https:\/\/gruene-weissach.de\/index.php?rest_route=%2Fwp%2Fv2%2Fcomments&post=979"}],"version-history":[{"count":2,"href":"https:\/\/gruene-weissach.de\/index.php?rest_route=\/wp\/v2\/posts\/979\/revisions"}],"predecessor-version":[{"id":985,"href":"https:\/\/gruene-weissach.de\/index.php?rest_route=\/wp\/v2\/posts\/979\/revisions\/985"}],"wp:attachment":[{"href":"https:\/\/gruene-weissach.de\/index.php?rest_route=%2Fwp%2Fv2%2Fmedia&parent=979"}],"wp:term":[{"taxonomy":"category","embeddable":true,"href":"https:\/\/gruene-weissach.de\/index.php?rest_route=%2Fwp%2Fv2%2Fcategories&post=979"},{"taxonomy":"post_tag","embeddable":true,"href":"https:\/\/gruene-weissach.de\/index.php?rest_route=%2Fwp%2Fv2%2Ftags&post=979"}],"curies":[{"name":"wp","href":"https:\/\/api.w.org\/{rel}","templated":true}]}}