{"id":993,"date":"2021-04-03T18:31:55","date_gmt":"2021-04-03T16:31:55","guid":{"rendered":"https:\/\/gruene-weissach.de\/?p=993"},"modified":"2021-04-04T18:52:55","modified_gmt":"2021-04-04T16:52:55","slug":"weissacher-greensill-geldanlagen-verstossen-gegen-anlagerichtlinie","status":"publish","type":"post","link":"https:\/\/gruene-weissach.de\/?p=993","title":{"rendered":"Weissacher Greensill-Geldanlagen versto\u00dfen gegen Anlagerichtlinie"},"content":{"rendered":"<p>Entgegen der immer wieder get\u00e4tigten Aussage von BM T\u00f6pfer, die Greensill-Anlagen seien stets konform mit der Anlagerichtlinie vorgenommen worden (da immer mit Scope-Rating A-), steht die Herabstufung der Greensill Bank durch die Ratingagentur Scope vom 17.09.2020 von A- auf BBB+. Siehe<br \/>\n<a href=\"https:\/\/www.scoperatings.com\/#!search\/research\/detail\/164895EN\" target=\"_blank\" rel=\"noopener noreferrer\">https:\/\/www.scoperatings.com\/#!search\/research\/detail\/164895EN<\/a><br \/>\nDiese Ratings sind \u00f6ffentlich einsehbar und h\u00e4tten von der Finanzverwaltung gepr\u00fcft werden m\u00fcssen. In dem Bericht wird explizit von einer negativen Prognose gesprochen. Auch &#8222;Der Neue K\u00e4mmerer&#8220; schreibt von dieser Herabstufung:<br \/>\n<a href=\"https:\/\/www.derneuekaemmerer.de\/nachrichten\/finanzmanagement\/greensill-ticker-das-aktuellste-zum-finanzskandal-2009801\/\" target=\"_blank\" rel=\"noopener noreferrer\">https:\/\/www.derneuekaemmerer.de\/nachrichten\/finanzmanagement\/greensill-ticker-das-aktuellste-zum-finanzskandal-2009801\/<\/a><\/p>\n<p>Die Geldanlagen vom 31.10. und 03.11.2020 \u00fcber 1,5 bzw. 1,0 Mio. Euro versto\u00dfen dadurch unmittelbar gegen die am 09.12.2019 vom Gemeinderat beschlossene Anlagerichtlinie. Im n\u00e4chsten Schritt h\u00e4tten im Rahmen der regelm\u00e4\u00dfig (quartalsweise) vorzunehmenden Pr\u00fcfungen alle anderen Greensill-Anlagen abgezogen werden m\u00fcssen. All dies ist nicht geschehen. BM T\u00f6pfer und Frau Richter behaupten, sie h\u00e4tten von der Herabstufung nichts gewusst und erst im M\u00e4rz im Zuge der Greensill-Pleite davon erfahren (Aussage in der GR-Sondersitzung vom 23.03.2021), was die Sache auch nicht besser macht. Die Finanzdienstleister, die als Makler fungieren, h\u00e4tten ein falsches Rating \u00fcbermittelt, so BM T\u00f6pfer und Frau Richter. Ob dies stimmt, werden wir von den Gr\u00fcnen zusammen mit der Fraktion Unabh\u00e4ngige Liste im Rahmen unserer bereits beantragten Akteneinsicht erfahren.<\/p>\n<p>Siehe hierzu: <a href=\"https:\/\/gruene-weissach.de\/?p=987\" target=\"_blank\" rel=\"noopener noreferrer\">https:\/\/gruene-weissach.de\/?p=987<\/a><\/p>\n<p>Fakt ist, dass die Gemeindeverwaltung das Rating entweder nicht gepr\u00fcft oder wissentlich das Rating missachtet hat (wie bei der Mercedes-Bank-Anlage Ende 2020 oder der spekulativen und damit rechtswidrigen Geldanlage bei der VTB-Bank von 2018). Mindestens diese beiden Geldanlagen h\u00e4tten niemals get\u00e4tigt werden d\u00fcrfen. Wir haben den Eindruck, dass dies der \u00d6ffentlichkeit nicht bewusst ist und BM T\u00f6pfer immer noch das Gegenteil behauptet.<\/p>\n<p>Der Unmut in der B\u00fcrgerschaft w\u00e4chst. Nahezu t\u00e4glich erreichen uns E-Mails von ver\u00e4rgerten B\u00fcrgern, Leserbriefe werden in der LKZ abgedruckt. Wir sehen uns in der Pflicht, eine absolut transparente Aufarbeitung der Vorg\u00e4nge voranzutreiben, was wir von Seiten der Gemeindeverwaltung nicht in dem erforderlichen Ma\u00df erkennen k\u00f6nnen.<\/p>\n<p>Wir bleiben dran!<\/p>\n<p>Eure Gr\u00fcne Gemeinderatsfraktion<\/p>\n<p>&nbsp;<\/p>\n","protected":false},"excerpt":{"rendered":"<p>Entgegen der immer wieder get\u00e4tigten Aussage von BM T\u00f6pfer, die [&hellip;]<\/p>\n","protected":false},"author":-1,"featured_media":0,"comment_status":"open","ping_status":"closed","sticky":false,"template":"","format":"standard","meta":{"footnotes":""},"categories":[2,1],"tags":[],"class_list":["post-993","post","type-post","status-publish","format-standard","hentry","category-aktuell","category-allgemein"],"_links":{"self":[{"href":"https:\/\/gruene-weissach.de\/index.php?rest_route=\/wp\/v2\/posts\/993","targetHints":{"allow":["GET"]}}],"collection":[{"href":"https:\/\/gruene-weissach.de\/index.php?rest_route=\/wp\/v2\/posts"}],"about":[{"href":"https:\/\/gruene-weissach.de\/index.php?rest_route=\/wp\/v2\/types\/post"}],"author":[{"embeddable":true,"href":"https:\/\/gruene-weissach.de\/index.php?rest_route=\/wp\/v2\/users\/1"}],"replies":[{"embeddable":true,"href":"https:\/\/gruene-weissach.de\/index.php?rest_route=%2Fwp%2Fv2%2Fcomments&post=993"}],"version-history":[{"count":2,"href":"https:\/\/gruene-weissach.de\/index.php?rest_route=\/wp\/v2\/posts\/993\/revisions"}],"predecessor-version":[{"id":995,"href":"https:\/\/gruene-weissach.de\/index.php?rest_route=\/wp\/v2\/posts\/993\/revisions\/995"}],"wp:attachment":[{"href":"https:\/\/gruene-weissach.de\/index.php?rest_route=%2Fwp%2Fv2%2Fmedia&parent=993"}],"wp:term":[{"taxonomy":"category","embeddable":true,"href":"https:\/\/gruene-weissach.de\/index.php?rest_route=%2Fwp%2Fv2%2Fcategories&post=993"},{"taxonomy":"post_tag","embeddable":true,"href":"https:\/\/gruene-weissach.de\/index.php?rest_route=%2Fwp%2Fv2%2Ftags&post=993"}],"curies":[{"name":"wp","href":"https:\/\/api.w.org\/{rel}","templated":true}]}}